{"id":1040,"date":"2022-06-08T03:59:57","date_gmt":"2022-06-08T03:59:57","guid":{"rendered":"https:\/\/almanca.com.tr\/blog\/?p=1040"},"modified":"2022-06-08T03:59:57","modified_gmt":"2022-06-08T03:59:57","slug":"italyanca-ulasim-araclari","status":"publish","type":"post","link":"https:\/\/almanca.com.tr\/blog\/italyanca-ulasim-araclari\/","title":{"rendered":"\u0130talyanca Ula\u015f\u0131m Ara\u00e7lar\u0131"},"content":{"rendered":"<p><strong>\u0130talyanca Ula\u015f\u0131m Ara\u00e7lar\u0131:<\/strong> Ula\u015f\u0131m Ara\u00e7lar\u0131 \u0130simleri ve ula\u015f\u0131mla ilgili bu yaz\u0131m\u0131zda g\u00fcnl\u00fck hayatta i\u015finize yarayacak ifadelere de yer verdik. \u0130lk olarak <em>\u0130talyanca Ula\u015f\u0131m Ara\u00e7lar\u0131 (I mezzi di trasporto)<\/em> ula\u015f\u0131m ara\u00e7lar\u0131n\u0131n T\u00fcrk\u00e7e kar\u015f\u0131l\u0131klar\u0131 ile ba\u015flayal\u0131m.<\/p>\n<blockquote class=\"wp-block-quote\"><p>Come vai al lavoro?\u00a0 <em>(\u0130\u015fe nas\u0131l gidiyorsun?)<\/em><\/p>\n<p>In macchina | Con la macchina\u00a0 <em>(Arabayla | Araba ile)<\/em><\/p><\/blockquote>\n<h2>\u0130talyanca Ula\u015f\u0131m Ara\u00e7lar\u0131 ve T\u00fcrk\u00e7e Anlamlar\u0131<\/h2>\n<table>\n<tbody>\n<tr>\n<td><strong>la macchina | l\u2019auto<\/strong>*<\/td>\n<td><em>Araba<\/em><\/td>\n<\/tr>\n<tr>\n<td><strong>il treno<\/strong><\/td>\n<td><em>Tren<\/em><\/td>\n<\/tr>\n<tr>\n<td><strong>l\u2019autobus<\/strong><\/td>\n<td><em>Otob\u00fcs<\/em><\/td>\n<\/tr>\n<tr>\n<td><strong>il pullman<\/strong><\/td>\n<td><em>Otob\u00fcs<\/em>, <em>Tur Otob\u00fcs<br \/>\n<\/em><\/td>\n<\/tr>\n<tr>\n<td><strong>la metro (metropolitana)<\/strong><\/td>\n<td><em>Metro<\/em><\/td>\n<\/tr>\n<tr>\n<td><strong>il tram<\/strong><\/td>\n<td><em>Tramvay<\/em><\/td>\n<\/tr>\n<tr>\n<td><strong>l\u2019aereo<\/strong><\/td>\n<td><em>U\u00e7ak<\/em><\/td>\n<\/tr>\n<tr>\n<td><strong>la nave<\/strong><\/td>\n<td><em>Gemi<\/em><\/td>\n<\/tr>\n<tr>\n<td><strong>il traghetto<\/strong><\/td>\n<td><em>Feribot<\/em><\/td>\n<\/tr>\n<tr>\n<td><strong>la moto (motocicletta<\/strong>)<\/td>\n<td><em>Motosiklet<\/em><\/td>\n<\/tr>\n<tr>\n<td><strong>la bici (bicicletta<\/strong>)<\/td>\n<td><em>Bisiklet<\/em><\/td>\n<\/tr>\n<tr>\n<td><strong>a piedi<\/strong><\/td>\n<td><em>Y\u00fcr\u00fcyerek<\/em><\/td>\n<\/tr>\n<tr>\n<td><strong>il furgoncino<\/strong><\/td>\n<td><em>Kamyonet<\/em><\/td>\n<\/tr>\n<tr>\n<td><strong>il camion<\/strong><\/td>\n<td><em>Kamyon<\/em><\/td>\n<\/tr>\n<\/tbody>\n<\/table>\n<ul>\n<li>L\u2019auto \u00e8 nero <em> \u21dd\u00a0 Bu araba siyah<\/em><strong><br \/>\n<\/strong><\/li>\n<li>L\u2019aereo \u00e8 bianco \u21dd<em> Bu u\u00e7ak beyaz<\/em><\/li>\n<\/ul>\n<p>A\u015fa\u011f\u0131da bulunan sorulara yan\u0131t vermeye \u00e7al\u0131\u015f\u0131n.<\/p>\n<p><strong>Completa con le domande corrispondenti<\/strong><\/p>\n<p>a. ___________________________? Vado a Napoli<br \/>\nb. ___________________________? Vengo in metropolitana<br \/>\nc. ___________________________? No, non va a Roma con il treno<br \/>\nd. ___________________________? Vieni da casa<br \/>\ne. ___________________________? Veniamo a lezione di italiano<br \/>\nf. ___________________________ ? No, a piedi<br \/>\ng. ___________________________? Vengo domani<br \/>\nh. ___________________________? Vanno con la treno<\/p>\n<h2><\/h2>\n<p>&nbsp;<\/p>\n<p><em>\u0130talyanca dilinizi geli\u015ftirmek i\u00e7in s\u0131k s\u0131k <a href=\"https:\/\/almanca.com.tr\/blog\/italyanca-gunaydin-demenin-4-farkli-yolu\/\">\u0130talyanca<\/a> m\u00fczik film haber yada belgesel izleyin. Dili anlamasan\u0131z bile bu sizin i\u00e7in g\u00fczel bir dinleme egzersiz olacakt\u0131r.\u00a0 <\/em><\/p>\n<p><em>\u0130talyanca Ula\u015f\u0131m Ara\u00e7lar\u0131 (<a href=\"https:\/\/www.okpedia.it\/mezzo-di-trasporto\" target=\"_blank\" rel=\"noopener\">I mezzi di trasporto<\/a>)<\/em> konumuzu burada bitiriyoruz umar\u0131z size faydal\u0131 bir yaz\u0131 olmu\u015ftur.<\/p>\n<p>&nbsp;<\/p>\n","protected":false},"excerpt":{"rendered":"<p>\u0130talyanca Ula\u015f\u0131m Ara\u00e7lar\u0131: Ula\u015f\u0131m Ara\u00e7lar\u0131 \u0130simleri ve ula\u015f\u0131mla ilgili bu yaz\u0131m\u0131zda g\u00fcnl\u00fck hayatta i\u015finize yarayacak ifadelere de yer verdik. \u0130lk olarak \u0130talyanca Ula\u015f\u0131m Ara\u00e7lar\u0131 (I mezzi di trasporto) ula\u015f\u0131m ara\u00e7lar\u0131n\u0131n T\u00fcrk\u00e7e kar\u015f\u0131l\u0131klar\u0131 ile &#8230; <\/p>\n<p class=\"read-more-container\"><a title=\"\u0130talyanca Ula\u015f\u0131m Ara\u00e7lar\u0131\" class=\"read-more button\" href=\"https:\/\/almanca.com.tr\/blog\/italyanca-ulasim-araclari\/#more-1040\" aria-label=\"Read more about \u0130talyanca Ula\u015f\u0131m Ara\u00e7lar\u0131\">Devam\u0131n\u0131 Oku<\/a><\/p>\n","protected":false},"author":1,"featured_media":2594,"comment_status":"open","ping_status":"open","sticky":false,"template":"","format":"standard","meta":{"footnotes":""},"categories":[7],"tags":[],"class_list":["post-1040","post","type-post","status-publish","format-standard","has-post-thumbnail","hentry","category-italyanca-konu-anlatimlari"],"views":661,"_links":{"self":[{"href":"https:\/\/almanca.com.tr\/blog\/wp-json\/wp\/v2\/posts\/1040","targetHints":{"allow":["GET"]}}],"collection":[{"href":"https:\/\/almanca.com.tr\/blog\/wp-json\/wp\/v2\/posts"}],"about":[{"href":"https:\/\/almanca.com.tr\/blog\/wp-json\/wp\/v2\/types\/post"}],"author":[{"embeddable":true,"href":"https:\/\/almanca.com.tr\/blog\/wp-json\/wp\/v2\/users\/1"}],"replies":[{"embeddable":true,"href":"https:\/\/almanca.com.tr\/blog\/wp-json\/wp\/v2\/comments?post=1040"}],"version-history":[{"count":0,"href":"https:\/\/almanca.com.tr\/blog\/wp-json\/wp\/v2\/posts\/1040\/revisions"}],"wp:featuredmedia":[{"embeddable":true,"href":"https:\/\/almanca.com.tr\/blog\/wp-json\/wp\/v2\/media\/2594"}],"wp:attachment":[{"href":"https:\/\/almanca.com.tr\/blog\/wp-json\/wp\/v2\/media?parent=1040"}],"wp:term":[{"taxonomy":"category","embeddable":true,"href":"https:\/\/almanca.com.tr\/blog\/wp-json\/wp\/v2\/categories?post=1040"},{"taxonomy":"post_tag","embeddable":true,"href":"https:\/\/almanca.com.tr\/blog\/wp-json\/wp\/v2\/tags?post=1040"}],"curies":[{"name":"wp","href":"https:\/\/api.w.org\/{rel}","templated":true}]}}