{"id":1252,"date":"2022-06-19T03:04:42","date_gmt":"2022-06-19T03:04:42","guid":{"rendered":"https:\/\/almanca.com.tr\/blog\/?p=1252"},"modified":"2022-06-19T03:04:42","modified_gmt":"2022-06-19T03:04:42","slug":"italyanca-banyo-esyalari","status":"publish","type":"post","link":"https:\/\/almanca.com.tr\/blog\/italyanca-banyo-esyalari\/","title":{"rendered":"\u0130talyanca Banyo E\u015fyalar\u0131"},"content":{"rendered":"<p><strong>\u0130talyanca Banyo E\u015fyalar\u0131 : <\/strong>A\u015fa\u011f\u0131da banyo (il bagno) <em>\u0130talyanca Banyo E\u015fyalar\u0131n\u0131n<\/em> \u0130talyanca ve T\u00fcrk\u00e7e anlamlar\u0131 yer almaktad\u0131r. Du\u015f al\u0131rken banyonuzda size laz\u0131m olan kelimelerin t\u00fcm\u00fc sesli telaffuz ve g\u00f6rseller ile birlikte a\u015fa\u011f\u0131da listelenmi\u015ftir. Peki <strong>\u0130talyanca Banyo E\u015fyalar\u0131 Nelerdir<\/strong> beraber bakal\u0131m.<\/p>\n<h2>\u0130talyanca Banyo E\u015fyalar\u0131<\/h2>\n<p>\u0130talyanca ve T\u00fcrk\u00e7e olarak banyoda kullan\u0131lan e\u015fya ve malzemelerin isimleri.<\/p>\n<ul>\n<li>il bagno = Banyo<\/li>\n<li>la doccia = Du\u015f<\/li>\n<li>l&#8217;asciugamano da bagno = Banyo havlusu<\/li>\n<li>le ciabatte da bagno = Banyo terli\u011fi<\/li>\n<li>la vasca da bagno = K\u00fcvet<\/li>\n<li>la tenda della doccia = Du\u015f perdesi<\/li>\n<li>lo specchio = Ayna<\/li>\n<li>il sapone = Sabun<\/li>\n<li>lo shampoo = \u015eampuan<\/li>\n<li>l\u2019asciugacapelli = Sa\u00e7 kurutma makinas\u0131<\/li>\n<li>la carta igienica = Tuvalet ka\u011f\u0131d\u0131<\/li>\n<li>la scopa = S\u00fcp\u00fcrge<\/li>\n<li>il secchio = Kova<\/li>\n<li>l&#8217;asciugamano = Havlu<\/li>\n<li>il lavandino = Lavabo<\/li>\n<li>lo scopino del water = Tuvalet f\u0131r\u00e7as\u0131<\/li>\n<li>la mattonella = Fayans<\/li>\n<li>il cesto della biancheria = \u00c7ama\u015f\u0131r sepeti<\/li>\n<li>i panni sporchi = Kirli \u00e7ama\u015f\u0131rlar<\/li>\n<li>il detersivo in polvere = \u00c7ama\u015f\u0131r tozu<\/li>\n<li>la molletta = \u00c7ama\u015f\u0131r mandal\u0131<\/li>\n<\/ul>\n<h2>\u0130talyanca Banyo E\u015fyalar\u0131 Sesli Telaffuz<\/h2>\n<p><em>\u0130talyanca Banyo E\u015fyalar\u0131 <\/em>sesli olarak a\u015fa\u011f\u0131da tablo haline g\u00f6sterilmi\u015ftir. \u015eimdi sizde a\u015fa\u011f\u0131daki e\u015fya ve malzemeler ile ilgili kelimeleri telaffuz etmeye \u00e7al\u0131\u015f\u0131n.<\/p>\n<p>&nbsp;<\/p>\n<table>\n<thead>\n<tr>\n<th>\u0130talyanca<\/th>\n<th>T\u00fcrk\u00e7e<\/th>\n<th>Sesli Telaffuz<\/th>\n<\/tr>\n<\/thead>\n<tbody>\n<tr>\n<td>il bagno = Banyo<\/td>\n<td><em>Banyo<\/em><\/td>\n<td><audio class=\"audio\" src=\"https:\/\/almanca.com.tr\/blog\/audio\/italyanca-banyo-esyalari\/banyo.mp3\" controls=\"controls\" data-mce-fragment=\"1\"><\/audio><\/td>\n<\/tr>\n<tr>\n<td>la doccia<\/td>\n<td><em>Du\u015f<\/em><\/td>\n<td><audio class=\"audio\" src=\"https:\/\/almanca.com.tr\/blog\/audio\/italyanca-banyo-esyalari\/dus.mp3\" controls=\"controls\" data-mce-fragment=\"1\"><\/audio><\/td>\n<\/tr>\n<tr>\n<td>l&#8217;asciugamano da bagno<\/td>\n<td><em>Banyo Havlusu<\/em><\/td>\n<td><audio class=\"audio\" src=\"https:\/\/almanca.com.tr\/blog\/audio\/italyanca-banyo-esyalari\/banyo-havlusu.mp3\" controls=\"controls\" data-mce-fragment=\"1\"><\/audio><\/td>\n<\/tr>\n<tr>\n<td>le ciabatte da bagno<\/td>\n<td><em>Banyo terli\u011fi<br \/>\n<\/em><\/td>\n<td><audio class=\"audio\" src=\"https:\/\/almanca.com.tr\/blog\/audio\/italyanca-banyo-esyalari\/banyo-terligi.mp3\" controls=\"controls\" data-mce-fragment=\"1\"><\/audio><\/td>\n<\/tr>\n<tr>\n<td>la vasca da bagno<\/td>\n<td>K\u00fcvet<\/td>\n<td><audio class=\"audio\" src=\"https:\/\/almanca.com.tr\/blog\/audio\/italyanca-banyo-esyalari\/kuvet.mp3\" controls=\"controls\" data-mce-fragment=\"1\"><\/audio><\/td>\n<\/tr>\n<tr>\n<td>la tenda della doccia<\/td>\n<td><em>Du\u015f perdesi<br \/>\n<\/em><\/td>\n<td><audio class=\"audio\" src=\"https:\/\/almanca.com.tr\/blog\/audio\/italyanca-banyo-esyalari\/dus-perdesi.mp3\" controls=\"controls\" data-mce-fragment=\"1\"><\/audio><\/td>\n<\/tr>\n<tr>\n<td>lo specchio<\/td>\n<td><em>Ayna<\/em><\/td>\n<td><audio class=\"audio\" src=\"https:\/\/almanca.com.tr\/blog\/audio\/italyanca-banyo-esyalari\/ayna.mp3\" controls=\"controls\" data-mce-fragment=\"1\"><\/audio><\/td>\n<\/tr>\n<tr>\n<td>il sapone<\/td>\n<td><em>Sabun<\/em><\/td>\n<td><audio class=\"audio\" src=\"https:\/\/almanca.com.tr\/blog\/audio\/italyanca-banyo-esyalari\/sabun.mp3\" controls=\"controls\" data-mce-fragment=\"1\"><\/audio><\/td>\n<\/tr>\n<tr>\n<td>lo shampoo<\/td>\n<td><em>\u015eampuan<\/em><\/td>\n<td><audio class=\"audio\" src=\"https:\/\/almanca.com.tr\/blog\/audio\/italyanca-banyo-esyalari\/sampuan.mp3\" controls=\"controls\" data-mce-fragment=\"1\"><\/audio><\/td>\n<\/tr>\n<tr>\n<td>l\u2019asciugacapelli<\/td>\n<td>Sa\u00e7 kurutma makinas\u0131<\/td>\n<td><audio class=\"audio\" src=\"https:\/\/almanca.com.tr\/blog\/audio\/italyanca-banyo-esyalari\/sac-kurutma-makinasi.mp3\" controls=\"controls\" data-mce-fragment=\"1\"><\/audio><\/td>\n<\/tr>\n<tr>\n<td>la carta igienica<\/td>\n<td><em>Tuvalet ka\u011f\u0131d\u0131<\/em><\/td>\n<td><audio class=\"audio\" src=\"https:\/\/almanca.com.tr\/blog\/audio\/italyanca-banyo-esyalari\/tuvalet-kagidi.mp3\" controls=\"controls\" data-mce-fragment=\"1\"><\/audio><\/td>\n<\/tr>\n<tr>\n<td>la scopa<\/td>\n<td><em>S\u00fcp\u00fcrge<\/em><\/td>\n<td><audio class=\"audio\" src=\"https:\/\/almanca.com.tr\/blog\/audio\/italyanca-banyo-esyalari\/supurge.mp3\" controls=\"controls\" data-mce-fragment=\"1\"><\/audio><\/td>\n<\/tr>\n<tr>\n<td>il secchio<\/td>\n<td><em>Kova<\/em><\/td>\n<td><audio class=\"audio\" src=\"https:\/\/almanca.com.tr\/blog\/audio\/italyanca-banyo-esyalari\/kova.mp3\" controls=\"controls\" data-mce-fragment=\"1\"><\/audio><\/td>\n<\/tr>\n<tr>\n<td>il lavandino<\/td>\n<td><em>Lavabo<\/em><\/td>\n<td><audio class=\"audio\" src=\"https:\/\/almanca.com.tr\/blog\/audio\/italyanca-banyo-esyalari\/lavabo.mp3\" controls=\"controls\" data-mce-fragment=\"1\"><\/audio><\/td>\n<\/tr>\n<tr>\n<td>lo scopino del water<\/td>\n<td>Tuvalet f\u0131r\u00e7as\u0131<\/td>\n<td><audio class=\"audio\" src=\"https:\/\/almanca.com.tr\/blog\/audio\/italyanca-banyo-esyalari\/tuvalet-fircasi.mp3\" controls=\"controls\" data-mce-fragment=\"1\"><\/audio><\/td>\n<\/tr>\n<tr>\n<td>la mattonella<\/td>\n<td><em>Fayans<\/em><\/td>\n<td><audio class=\"audio\" src=\"https:\/\/almanca.com.tr\/blog\/audio\/italyanca-banyo-esyalari\/fayans.mp3\" controls=\"controls\" data-mce-fragment=\"1\"><\/audio><\/td>\n<\/tr>\n<tr>\n<td>il cesto della biancheria<\/td>\n<td><em>\u00c7ama\u015f\u0131r sepeti<\/em><\/td>\n<td><audio class=\"audio\" src=\"https:\/\/almanca.com.tr\/blog\/audio\/italyanca-banyo-esyalari\/camasir-sepeti.mp3\" controls=\"controls\" data-mce-fragment=\"1\"><\/audio><\/td>\n<\/tr>\n<tr>\n<td>i panni sporchi<\/td>\n<td><em>Kirli \u00e7ama\u015f\u0131rlar<\/em><\/td>\n<td><audio class=\"audio\" src=\"https:\/\/almanca.com.tr\/blog\/audio\/italyanca-banyo-esyalari\/kirli-camasirlar.mp3\" controls=\"controls\" data-mce-fragment=\"1\"><\/audio><\/td>\n<\/tr>\n<tr>\n<td>il detersivo in polvere<\/td>\n<td><em>\u00c7ama\u015f\u0131r tozu<\/em><\/td>\n<td><audio class=\"audio\" src=\"https:\/\/almanca.com.tr\/blog\/audio\/italyanca-banyo-esyalari\/camasir-tozu.mp3\" controls=\"controls\" data-mce-fragment=\"1\"><\/audio><\/td>\n<\/tr>\n<tr>\n<td>la molletta<\/td>\n<td><em>\u00c7ama\u015f\u0131r mandal\u0131<\/em><\/td>\n<td><audio class=\"audio\" src=\"https:\/\/almanca.com.tr\/blog\/audio\/italyanca-banyo-esyalari\/camasir-mandali.mp3\" controls=\"controls\" data-mce-fragment=\"1\"><\/audio><\/td>\n<\/tr>\n<\/tbody>\n<\/table>\n<p>&nbsp;<\/p>\n<div class=\"code-block code-block-8\"><\/div>\n<p>&nbsp;<\/p>\n<blockquote class=\"wp-block-quote\"><p><em>Bu ba\u011flat\u0131 \u00fczerinden <a href=\"https:\/\/almanca.com.tr\/blog\/italyanca-mutfak-esyalari\/\">\u0130talyanca Mutfak E\u015fyalar\u0131<\/a> \u2013 isimli konuya eri\u015fim sa\u011flayabilirsiniz.<\/em><\/p>\n<p><em>Bu ba\u011flat\u0131 \u00fczerinden\u00a0<a href=\"https:\/\/almanca.com.tr\/blog\/italyanca-elektronik-ev-esyalari\/\">\u0130talyanca Elektronik Ev E\u015fyalar\u0131<\/a> \u2013 isimli konuya eri\u015fim sa\u011flayabilirsiniz.<\/em><\/p>\n<p><em>Bu ba\u011flat\u0131 \u00fczerinden <a href=\"https:\/\/almanca.com.tr\/blog\/italyanca-okul-esyalari\/\">\u0130talyanca Okul E\u015fyalar\u0131<\/a> \u2013 isimli konuya eri\u015fim sa\u011flayabilirsiniz.<\/em><\/p><\/blockquote>\n<h2>\u0130talyanca Banyo \u0130le \u0130lgili C\u00fcmleler<\/h2>\n<p>&nbsp;<\/p>\n<p><strong>Uykuyu uzla\u015ft\u0131r\u0131n<\/strong><br \/>\n<strong>T\u00fcrk\u00e7e:<\/strong> S\u0131cak banyo b\u00fcy\u00fcl\u00fc bir rahatlat\u0131c\u0131 etkiye sahiptir. Sadece uykuyu uzla\u015ft\u0131rmakla kalmaz, ayn\u0131 zamanda huzursuzlu\u011fu ve gerginli\u011fi azalt\u0131r. Bunu yapmak i\u00e7in m\u00fckemmel bir zaman m\u0131? Yatmadan \u00f6nce. Uyku kalitesinin b\u00fcy\u00fck \u00f6l\u00e7\u00fcde artaca\u011f\u0131n\u0131 g\u00f6receksiniz.<\/p>\n<p><strong>Concilia il sonno<\/strong><\/p>\n<p><strong>\u0130talyanca:<\/strong> Il bagno caldo ha un magico effetto rilassante. Non solo concilia il sonno ma riduce irrequietezza e tensioni. Il momento perfetto per farlo? Prima di andare a dormire. Vedrai che la qualit\u00e0 del sonno, migliorer\u00e0 notevolmente.<\/p>\n<p>Oli essenziali: finocchio dolce, benzoino, cumino, inula.<\/p>\n<p><strong>Temizler ve nemlendirir<\/strong><br \/>\n<strong>T\u00fcrk\u00e7e:<\/strong> Cildiniz size te\u015fekk\u00fcr edecektir. Banyo ayn\u0131 zamanda ar\u0131nd\u0131r\u0131c\u0131 bir rit\u00fceldir: s\u0131cak buharlar cildin g\u00f6zeneklerini a\u00e7ar, b\u00f6ylece terlemesini sa\u011flar ve toksinlerden ve safs\u0131zl\u0131klardan ar\u0131nd\u0131r\u0131r. Bu, bir y\u00fcz ve v\u00fccut ovma ile kendinizi \u015f\u0131martmak veya sa\u00e7\u0131n\u0131za bir maske uygulamak i\u00e7in m\u00fckemmel bir zamand\u0131r.<\/p>\n<p><strong>Deterge e idrata<\/strong><\/p>\n<p><strong>\u0130talyanca:<\/strong> La tua pelle ringrazier\u00e0. <a href=\"https:\/\/www.treatwell.it\/treatment-files\/6-straordinari-benefici-di-un-bagno-caldo\/\" target=\"_blank\" rel=\"noopener\">Il bagno<\/a> \u00e8 anche un rituale purificante: i vapori caldi aprono i pori della pelle, facendola cos\u00ec sudare e liberarandola da tossine ed impurit\u00e0. Questo \u00e8 il momento perfetto per concedersi uno scrub su viso e corpo, o applicare una maschera sui capelli.<\/p>\n<p>Oli essenziali: fragonia, arancia dolce, pepe rosa, salvia sclarea.<\/p>\n<p><strong>Bu konu umar\u0131z size faydal\u0131 olmu\u015ftur. Sizde dilerseniz yorum k\u0131sm\u0131ndan konuya eklemeler yapabilirsiniz.<\/strong><\/p>\n<p><em>Stammi bene \/ Kendine iyi bak<\/em><strong><br \/>\n<\/strong><\/p>\n<p>&nbsp;<\/p>\n","protected":false},"excerpt":{"rendered":"<p>\u0130talyanca Banyo E\u015fyalar\u0131 : A\u015fa\u011f\u0131da banyo (il bagno) \u0130talyanca Banyo E\u015fyalar\u0131n\u0131n \u0130talyanca ve T\u00fcrk\u00e7e anlamlar\u0131 yer almaktad\u0131r. Du\u015f al\u0131rken banyonuzda size laz\u0131m olan kelimelerin t\u00fcm\u00fc sesli telaffuz ve g\u00f6rseller ile birlikte a\u015fa\u011f\u0131da listelenmi\u015ftir. &#8230; <\/p>\n<p class=\"read-more-container\"><a title=\"\u0130talyanca Banyo E\u015fyalar\u0131\" class=\"read-more button\" href=\"https:\/\/almanca.com.tr\/blog\/italyanca-banyo-esyalari\/#more-1252\" aria-label=\"Read more about \u0130talyanca Banyo E\u015fyalar\u0131\">Devam\u0131n\u0131 Oku<\/a><\/p>\n","protected":false},"author":1,"featured_media":2581,"comment_status":"open","ping_status":"open","sticky":false,"template":"","format":"standard","meta":{"footnotes":""},"categories":[7],"tags":[],"class_list":["post-1252","post","type-post","status-publish","format-standard","has-post-thumbnail","hentry","category-italyanca-konu-anlatimlari"],"views":762,"_links":{"self":[{"href":"https:\/\/almanca.com.tr\/blog\/wp-json\/wp\/v2\/posts\/1252","targetHints":{"allow":["GET"]}}],"collection":[{"href":"https:\/\/almanca.com.tr\/blog\/wp-json\/wp\/v2\/posts"}],"about":[{"href":"https:\/\/almanca.com.tr\/blog\/wp-json\/wp\/v2\/types\/post"}],"author":[{"embeddable":true,"href":"https:\/\/almanca.com.tr\/blog\/wp-json\/wp\/v2\/users\/1"}],"replies":[{"embeddable":true,"href":"https:\/\/almanca.com.tr\/blog\/wp-json\/wp\/v2\/comments?post=1252"}],"version-history":[{"count":0,"href":"https:\/\/almanca.com.tr\/blog\/wp-json\/wp\/v2\/posts\/1252\/revisions"}],"wp:featuredmedia":[{"embeddable":true,"href":"https:\/\/almanca.com.tr\/blog\/wp-json\/wp\/v2\/media\/2581"}],"wp:attachment":[{"href":"https:\/\/almanca.com.tr\/blog\/wp-json\/wp\/v2\/media?parent=1252"}],"wp:term":[{"taxonomy":"category","embeddable":true,"href":"https:\/\/almanca.com.tr\/blog\/wp-json\/wp\/v2\/categories?post=1252"},{"taxonomy":"post_tag","embeddable":true,"href":"https:\/\/almanca.com.tr\/blog\/wp-json\/wp\/v2\/tags?post=1252"}],"curies":[{"name":"wp","href":"https:\/\/api.w.org\/{rel}","templated":true}]}}