{"id":1280,"date":"2022-06-25T15:16:52","date_gmt":"2022-06-25T15:16:52","guid":{"rendered":"https:\/\/almanca.com.tr\/blog\/?p=1280"},"modified":"2024-07-23T13:41:42","modified_gmt":"2024-07-23T10:41:42","slug":"italyanca-noktalama-isaretleri","status":"publish","type":"post","link":"https:\/\/almanca.com.tr\/blog\/italyanca-noktalama-isaretleri\/","title":{"rendered":"\u0130talyanca Noktalama \u0130\u015faretleri"},"content":{"rendered":"<p><strong><em>\u0130talyanca Noktalama \u0130\u015faretleri<\/em><\/strong>\u00a0\u0130talyanca\u2019da en s\u0131k kullan\u0131lan noktalama i\u015faretleri. \u0130talyanca\u2019da en yayg\u0131n noktalama i\u015faretleri: nokta, soru i\u015fareti, virg\u00fcl, iki nokta \u00fcst \u00fcste, noktal\u0131 virg\u00fcl, \u00fcnlem ve t\u0131rnak i\u015faretleridir.<\/p>\n<h2>\u0130talyanca Noktalama \u0130\u015faretleri ve T\u00fcrk\u00e7e Anlamlar\u0131<\/h2>\n<p>Noktalama i\u015faretlerinin \u0130talyanca ve T\u00fcrk\u00e7e kar\u015f\u0131l\u0131klar\u0131 a\u015fa\u011f\u0131da listelenmi\u015ftir.<\/p>\n<ul>\n<li>\u00a0il punto = Nokta<\/li>\n<li>i duepunti = \u0130ki nokta \u00fcst \u00fcste<\/li>\n<li>la virgola = Virg\u00fcl<\/li>\n<li>il punto e virgola = Noktal\u0131 virg\u00fcl<\/li>\n<li>il punto interrogativo = Soru i\u015fareti<\/li>\n<li>lo spazio = Bo\u015fluk<\/li>\n<li>il punto esclamativo = \u00dcnlem i\u015fareti<\/li>\n<li>il trattino = Tire<\/li>\n<li>il tarattino basso = Alt \u00e7izgi<\/li>\n<li>l\u2019apostrafo = Kesme i\u015fareti<\/li>\n<\/ul>\n<h2>\u0130talyanca Matematik \u0130\u015faretleri ve T\u00fcrk\u00e7e Anlamlar\u0131<\/h2>\n<p>Temel matematik sembollerinin \u0130talyanca ve T\u00fcrk\u00e7e kar\u015f\u0131l\u0131klar\u0131 a\u015fa\u011f\u0131da listelenmi\u015ftir.<\/p>\n<ul>\n<li>l\u2019addizione = Toplama<\/li>\n<li>la sottrazione = \u00c7\u0131karma<\/li>\n<li>la moltiplicazione = \u00c7arpma<\/li>\n<li>la divisione = B\u00f6lme<\/li>\n<li>il rusultato = Sonu\u00e7<\/li>\n<li>l\u2019equazione = Denklem<\/li>\n<li>la farzione = Kesir<\/li>\n<li>il numeratore = Pay<\/li>\n<li>il denominatore = Payda<\/li>\n<li>il millimetro = Milimetre<\/li>\n<li>il centimetro = Santimetre<\/li>\n<li>il decimetro = Desimetre<\/li>\n<li>il metro quadrato = Metrekare<\/li>\n<li>il metro cubo = Metrek\u00fcp<\/li>\n<\/ul>\n<h2>Noktalama \u0130\u015faretleri Kullan\u0131m Alanlar\u0131<\/h2>\n<ol>\n<li><strong>il punto = Nokta <\/strong>\u21dd C\u00fcmle biterken sonuna konur: \u00d6rnek petinya.net 2023 y\u0131l\u0131nda may\u0131s ay\u0131nda kurulmu\u015ftur.<\/li>\n<li><strong>i duepunti = \u0130ki nokta \u00fcst \u00fcste<\/strong> \u21dd Kendisiyle ilgili \u00f6rnek verilecek c\u00fcmlenin sonuna konur:<\/li>\n<li><strong>la virgola = Virg\u00fcl<\/strong>\u00a0 \u21dd Ard arda s\u0131ralanan e\u015f g\u00f6revli kelime ve kelime gruplar\u0131n\u0131n aras\u0131na konulan noktalama i\u015faretidir.<\/li>\n<li><strong>il punto e virgola = Noktal\u0131 virg\u00fcl<\/strong> \u21dd C\u00fcmle i\u00e7inde virg\u00fcllerle ayr\u0131lm\u0131\u015f olan t\u00fcr veya tak\u0131mlar\u0131 birbirinden ay\u0131rmak i\u00e7in konur:<\/li>\n<li><strong>il punto interrogativo = Soru i\u015fareti<\/strong> \u21dd Soru eki veya s\u00f6z\u00fc i\u00e7eren c\u00fcmle yada s\u00f6zlerin en sonuna konur.<\/li>\n<li><strong>il punto esclamativo = \u00dcnlem i\u015fareti<\/strong> \u21dd Sevin\u00e7, k\u0131van\u00e7, ac\u0131, korku, \u015fa\u015fma gibi duygular\u0131 anlatan c\u00fcmle yada ibarele\u00adrin sonuna konur.<\/li>\n<li><strong>l\u2019apostrafo = Kesme i\u015fareti<\/strong> \u21dd \u00d6zel adlara getirilen iyelik, durum ve bildirme ekleri kesme i\u015faretiyle ayr\u0131l\u0131r. (<a href=\"https:\/\/www.tdk.gov.tr\/icerik\/yazim-kurallari\/noktalama-isaretleri-aciklamalar\/\" target=\"_blank\" rel=\"noopener\"><span class=\"ILfuVd\" lang=\"tr\"><span class=\"hgKElc\">bkz<\/span><\/span>. Noktalama \u0130\u015faretleri A\u00e7\u0131klamalar<\/a>)<\/li>\n<\/ol>\n<blockquote class=\"wp-block-quote\"><p><em>\u0130talyanca Noktalama \u0130\u015faretleri<\/em>\u00a0 &amp;\u00a0 <em>\u0130talyanca Matematik \u0130\u015faretleri ve T\u00fcrk\u00e7e Anlamlar\u0131<\/em><\/p>\n<p>\u0130talyanca Okul ile ilgili konumuza bu ba\u011flant\u0131 \u00fczerinden eri\u015fim sa\u011flayabilirsiniz. <a href=\"https:\/\/almanca.com.tr\/blog\/italyanca-okul-esyalari\/\">\u0130talyanca Okul E\u015fyalar\u0131<\/a><\/p><\/blockquote>\n","protected":false},"excerpt":{"rendered":"<p>\u0130talyanca Noktalama \u0130\u015faretleri\u00a0\u0130talyanca\u2019da en s\u0131k kullan\u0131lan noktalama i\u015faretleri. \u0130talyanca\u2019da en yayg\u0131n noktalama i\u015faretleri: nokta, soru i\u015fareti, virg\u00fcl, iki nokta \u00fcst \u00fcste, noktal\u0131 virg\u00fcl, \u00fcnlem ve t\u0131rnak i\u015faretleridir. \u0130talyanca Noktalama \u0130\u015faretleri ve T\u00fcrk\u00e7e Anlamlar\u0131 &#8230; <\/p>\n<p class=\"read-more-container\"><a title=\"\u0130talyanca Noktalama \u0130\u015faretleri\" class=\"read-more button\" href=\"https:\/\/almanca.com.tr\/blog\/italyanca-noktalama-isaretleri\/#more-1280\" aria-label=\"Read more about \u0130talyanca Noktalama \u0130\u015faretleri\">Devam\u0131n\u0131 Oku<\/a><\/p>\n","protected":false},"author":1,"featured_media":2571,"comment_status":"open","ping_status":"open","sticky":false,"template":"","format":"standard","meta":{"footnotes":""},"categories":[7],"tags":[],"class_list":["post-1280","post","type-post","status-publish","format-standard","has-post-thumbnail","hentry","category-italyanca-konu-anlatimlari"],"views":969,"_links":{"self":[{"href":"https:\/\/almanca.com.tr\/blog\/wp-json\/wp\/v2\/posts\/1280","targetHints":{"allow":["GET"]}}],"collection":[{"href":"https:\/\/almanca.com.tr\/blog\/wp-json\/wp\/v2\/posts"}],"about":[{"href":"https:\/\/almanca.com.tr\/blog\/wp-json\/wp\/v2\/types\/post"}],"author":[{"embeddable":true,"href":"https:\/\/almanca.com.tr\/blog\/wp-json\/wp\/v2\/users\/1"}],"replies":[{"embeddable":true,"href":"https:\/\/almanca.com.tr\/blog\/wp-json\/wp\/v2\/comments?post=1280"}],"version-history":[{"count":0,"href":"https:\/\/almanca.com.tr\/blog\/wp-json\/wp\/v2\/posts\/1280\/revisions"}],"wp:featuredmedia":[{"embeddable":true,"href":"https:\/\/almanca.com.tr\/blog\/wp-json\/wp\/v2\/media\/2571"}],"wp:attachment":[{"href":"https:\/\/almanca.com.tr\/blog\/wp-json\/wp\/v2\/media?parent=1280"}],"wp:term":[{"taxonomy":"category","embeddable":true,"href":"https:\/\/almanca.com.tr\/blog\/wp-json\/wp\/v2\/categories?post=1280"},{"taxonomy":"post_tag","embeddable":true,"href":"https:\/\/almanca.com.tr\/blog\/wp-json\/wp\/v2\/tags?post=1280"}],"curies":[{"name":"wp","href":"https:\/\/api.w.org\/{rel}","templated":true}]}}