{"id":1474,"date":"2022-09-27T22:20:21","date_gmt":"2022-09-27T19:20:21","guid":{"rendered":"https:\/\/almanca.com.tr\/blog\/?p=1474"},"modified":"2022-09-27T22:20:21","modified_gmt":"2022-09-27T19:20:21","slug":"italyanca-dans-isimleri","status":"publish","type":"post","link":"https:\/\/almanca.com.tr\/blog\/italyanca-dans-isimleri\/","title":{"rendered":"\u0130talyanca Dans \u0130simleri ve T\u00fcrk\u00e7e Anlamlar\u0131"},"content":{"rendered":"<p>Bu konumuzda <strong>\u0130talyanca Dans \u0130simlerini<\/strong> ve T\u00fcrk\u00e7e Anlamlar\u0131n\u0131 bulacaks\u0131n\u0131z. Dans etmek konu\u015fmay\u0131 canland\u0131rman\u0131n bir di\u011fer ifade etme \u015feklidir. \u0130talyanca\u00a0 Dans \u2018<strong>la danza<\/strong>\u2018 dans\u00e7\u0131 ise \u2018<strong>il ballerino<\/strong>\u2018 olarak tan\u0131mlan\u0131r.<\/p>\n<p>Dans ve m\u00fczik evrensel olsa da, \u0130talya&#8217;n\u0131n k\u00fclt\u00fcrel \u00f6zelliklerini \u00e7ok g\u00fcn y\u00fcz\u00fcne \u00e7\u0131kar\u0131yor. Dans ile g\u00f6rd\u00fc\u011f\u00fcm\u00fcz fig\u00fcr hareketler ile insan o\u011flunun duygular\u0131n\u0131 ve d\u00fc\u015f\u00fcncelerini\u00a0 \u00e7ok rahat anlayabiliyoruz. Dans ger\u00e7ekten b\u00fcy\u00fcleyici bir \u00f6zelli\u011fe sahip bazen dans o kadar \u00f6nem kazan\u0131yor ki, o \u00fclkenin ad\u0131n\u0131n \u00f6n\u00fcne ge\u00e7iyor, t\u00fcm d\u00fcnya o \u00fclkeden dans\u0131 ile bahsediyor.<\/p>\n<p>Haydi o zaman \u015fimdi dans!!!<\/p>\n<h2>\u0130talyanca Dans \u0130simleri ve T\u00fcrk\u00e7e Anlamlar\u0131<\/h2>\n<p>A\u015fa\u011f\u0131daki listede <strong>\u0130talyanca Dans \u0130simleri<\/strong> \u00e7e\u015fitleri ve T\u00fcrk\u00e7e kar\u015f\u0131l\u0131klar\u0131 yer almaktad\u0131r.<\/p>\n<ul>\n<li>la danza = Dans<\/li>\n<li>il ballerino = Dans\u00e7\u0131<\/li>\n<li>il ballo liscio = Salon dans\u0131<\/li>\n<li>la breakdance = Sokak dans\u0131<\/li>\n<li>il ballo latino = Latin dans\u0131<\/li>\n<li>la danza classica = Bale<\/li>\n<li>il valzer Viennese = Viyana valsi<\/li>\n<li>il valzer = Vals<\/li>\n<li>il tango = Tango<\/li>\n<li>il quickstep = Quickstep dans\u0131<\/li>\n<li>il rock &#8216;n&#8217; roll = Rock&#8217;n&#8217;roll<\/li>\n<li>lo jive = Jive<\/li>\n<li>la rumba = Rumba<\/li>\n<li>il cha cha cha = \u00c7a\u00e7a<\/li>\n<li>la samba = Samba<\/li>\n<li>la salsa = Salsa<\/li>\n<li>le ballerine = Bale ayakkab\u0131lar\u0131<\/li>\n<li>le scarpe da ballo = Dans ayakkab\u0131lar\u0131<\/li>\n<\/ul>\n<h3>Danslar Hakk\u0131nda K\u0131sa Bilgiler<\/h3>\n<p><strong>A\u015fa\u011f\u0131daki c\u00fcmleler \u0130talyanca Dans \u0130simleri hakk\u0131nda k\u0131sa bilgiler i\u00e7ermektedir<br \/>\n<\/strong><\/p>\n<ul>\n<li>Fransa&#8217;da do\u011fdu Avusturya&#8217;da me\u015fhur oldu:<strong> il valzer = Vals<\/strong><\/li>\n<li>Bir \u00e7ok latin dans\u0131n\u0131n kar\u0131\u015f\u0131m\u0131 olarak bilinen: <strong>la salsa = Salsa<\/strong><\/li>\n<li>A\u015fk\u0131n ve Tutkunun birle\u015fim dans\u0131: <strong>il tango = Tango<\/strong><\/li>\n<li>Hem fig\u00fcrleri hem de kost\u00fcmleriyle Rio Karnaval\u0131&#8217;n\u0131n y\u0131ld\u0131z\u0131 haline gelen <strong>la samba = Samba<\/strong><\/li>\n<li>\u0130ki partner i\u00e7erir Latin Amerika&#8217;da ortaya \u00e7\u0131km\u0131\u015ft\u0131r. Uluslararas\u0131 danslarda Latin Dans\u0131, rumba, samba vb. i\u00e7ermektedir. Latin dans\u0131n\u0131n tarihi, XV Y\u00fczy\u0131la kadar uzan\u0131r. <strong>il ballo latino = Latin dans\u0131<\/strong><\/li>\n<li>Her vuru\u015fuyla sizleri en derinden sarsan <strong>la breakdance = Sokak dans\u0131<\/strong><\/li>\n<li>Rumba, Latin Amerika danslardan sadece birisidir. \u00c7\u0131k\u0131\u015f\u0131 \u0130spanyol ve Afrika k\u00f6kenlidir. Ancak XVI. y\u00fczy\u0131lda Afrika&#8217;dan getirilen k\u00f6leler onu K\u00fcba&#8217;ya ta\u015f\u0131m\u0131\u015ft\u0131r. M\u00fczi\u011fi ve hareketleri K\u00fcba&#8217;y\u0131 yans\u0131tmaktad\u0131r. <strong>la rumba = Rumba<\/strong><\/li>\n<li>Bale ilk olarak \u0130talya&#8217;da r\u00f6nesans d\u00f6neminde g\u00f6r\u00fcl\u00fcr. Mim sanat\u00e7\u0131lar\u0131n\u0131n Orta\u00e7a\u011f ve r\u00f6nesans tiyatro g\u00f6sterilerinde ve geleneksel halk g\u00f6sterilerindeki <a href=\"https:\/\/www.collinsdictionary.com\/it\/dizionario\/inglese-italiano\/dance\" target=\"_blank\" rel=\"noopener\">dans<\/a> ad\u0131mlar\u0131 bug\u00fcnk\u00fc balenin temellerini olu\u015fturmaktad\u0131r. <strong>la danza classica = Bale<\/strong><\/li>\n<\/ul>\n","protected":false},"excerpt":{"rendered":"<p>Bu konumuzda \u0130talyanca Dans \u0130simlerini ve T\u00fcrk\u00e7e Anlamlar\u0131n\u0131 bulacaks\u0131n\u0131z. Dans etmek konu\u015fmay\u0131 canland\u0131rman\u0131n bir di\u011fer ifade etme \u015feklidir. \u0130talyanca\u00a0 Dans \u2018la danza\u2018 dans\u00e7\u0131 ise \u2018il ballerino\u2018 olarak tan\u0131mlan\u0131r. Dans ve m\u00fczik evrensel olsa &#8230; <\/p>\n<p class=\"read-more-container\"><a title=\"\u0130talyanca Dans \u0130simleri ve T\u00fcrk\u00e7e Anlamlar\u0131\" class=\"read-more button\" href=\"https:\/\/almanca.com.tr\/blog\/italyanca-dans-isimleri\/#more-1474\" aria-label=\"Read more about \u0130talyanca Dans \u0130simleri ve T\u00fcrk\u00e7e Anlamlar\u0131\">Devam\u0131n\u0131 Oku<\/a><\/p>\n","protected":false},"author":1,"featured_media":2549,"comment_status":"open","ping_status":"open","sticky":false,"template":"","format":"standard","meta":{"footnotes":""},"categories":[7],"tags":[],"class_list":["post-1474","post","type-post","status-publish","format-standard","has-post-thumbnail","hentry","category-italyanca-konu-anlatimlari"],"views":1670,"_links":{"self":[{"href":"https:\/\/almanca.com.tr\/blog\/wp-json\/wp\/v2\/posts\/1474","targetHints":{"allow":["GET"]}}],"collection":[{"href":"https:\/\/almanca.com.tr\/blog\/wp-json\/wp\/v2\/posts"}],"about":[{"href":"https:\/\/almanca.com.tr\/blog\/wp-json\/wp\/v2\/types\/post"}],"author":[{"embeddable":true,"href":"https:\/\/almanca.com.tr\/blog\/wp-json\/wp\/v2\/users\/1"}],"replies":[{"embeddable":true,"href":"https:\/\/almanca.com.tr\/blog\/wp-json\/wp\/v2\/comments?post=1474"}],"version-history":[{"count":0,"href":"https:\/\/almanca.com.tr\/blog\/wp-json\/wp\/v2\/posts\/1474\/revisions"}],"wp:featuredmedia":[{"embeddable":true,"href":"https:\/\/almanca.com.tr\/blog\/wp-json\/wp\/v2\/media\/2549"}],"wp:attachment":[{"href":"https:\/\/almanca.com.tr\/blog\/wp-json\/wp\/v2\/media?parent=1474"}],"wp:term":[{"taxonomy":"category","embeddable":true,"href":"https:\/\/almanca.com.tr\/blog\/wp-json\/wp\/v2\/categories?post=1474"},{"taxonomy":"post_tag","embeddable":true,"href":"https:\/\/almanca.com.tr\/blog\/wp-json\/wp\/v2\/tags?post=1474"}],"curies":[{"name":"wp","href":"https:\/\/api.w.org\/{rel}","templated":true}]}}