{"id":169,"date":"2022-07-07T13:37:05","date_gmt":"2022-07-07T10:37:05","guid":{"rendered":"https:\/\/almanca.com.tr\/blog\/?p=169"},"modified":"2022-09-19T17:44:01","modified_gmt":"2022-09-19T14:44:01","slug":"dunyanin-en-pahali-kuslari","status":"publish","type":"post","link":"https:\/\/almanca.com.tr\/blog\/dunyanin-en-pahali-kuslari\/","title":{"rendered":"D\u00fcnyan\u0131n En Pahal\u0131 Ku\u015flar\u0131"},"content":{"rendered":"<p><strong>D\u00fcnyan\u0131n En Pahal\u0131 Ku\u015flar\u0131<\/strong> Ku\u015flar bir\u00e7ok ki\u015fi i\u00e7in son derece e\u011flenceli hobilerden biridir. Yer y\u00fcz\u00fcnde bir\u00e7ok farkl\u0131 ku\u015f t\u00fcr\u00fcn\u00fcn olmas\u0131 bu alanda yap\u0131lan ara\u015ft\u0131rmalar\u0131 ve ku\u015f g\u00f6zlemcili\u011fini de pop\u00fcler hale getiriyor.<\/p>\n<hr \/>\n<h2>D\u00fcnyan\u0131n En Pahal\u0131 Ku\u015flar\u0131 \u200b &#8211; 6 T\u00fcr<\/h2>\n<p>Gerek renkleri gerekse karakteristik \u00f6zellikleri ile \u00f6ne \u00e7\u0131kan bu ku\u015f t\u00fcrleri bulunuyor. \u00d6zel ilgi alan\u0131 olarak kendine ku\u015flar\u0131 se\u00e7en ki\u015filer i\u00e7in en sevilen ku\u015f t\u00fcrlerinden en pahal\u0131 olanlar\u0131na kadar bir\u00e7ok farkl\u0131 ku\u015f isminden bahsetmek m\u00fcmk\u00fcnd\u00fcr. \u00d6zellikle <strong>D\u00fcnyan\u0131n En Pahal\u0131 Ku\u015flar\u0131<\/strong> hangisi konusu ku\u015flara merak duyan ki\u015filerin en \u00e7ok ilgi duydu\u011fu konular aras\u0131nda yer al\u0131yor.<\/p>\n<p>Pahal\u0131 ku\u015flara ula\u015fabilmek her zaman m\u00fcmk\u00fcn olmasa da isimlerini bilmek isteyebilecek bir\u00e7ok ki\u015fi bulunuyor. En merak edilen <strong>Pahal\u0131 Ku\u015f T\u00fcrleri<\/strong> aras\u0131nda \u015fu isimlerden bahsetmek m\u00fcmk\u00fcn olabilmektedir.<\/p>\n<h3>Tukan Ku\u015fu<\/h3>\n<figure id=\"attachment_173\" aria-describedby=\"caption-attachment-173\" style=\"width: 502px\" class=\"wp-caption alignnone\"><img loading=\"lazy\" decoding=\"async\" class=\"size-full wp-image-173\" title=\"Tukan Kusu\" src=\"https:\/\/almanca.com.tr\/blog\/wp-content\/uploads\/2022\/07\/Tukan-Kusu.jpg\" alt=\"Tukan Kusu\" width=\"512\" height=\"512\" srcset=\"https:\/\/almanca.com.tr\/blog\/wp-content\/uploads\/2022\/07\/Tukan-Kusu.jpg 512w, https:\/\/almanca.com.tr\/blog\/wp-content\/uploads\/2022\/07\/Tukan-Kusu-50x50.jpg 50w, https:\/\/almanca.com.tr\/blog\/wp-content\/uploads\/2022\/07\/Tukan-Kusu-120x120.jpg 120w\" sizes=\"auto, (max-width: 512px) 100vw, 512px\" \/><figcaption id=\"caption-attachment-173\" class=\"wp-caption-text\">Tukan Kusu<\/figcaption><\/figure>\n<p>&nbsp;<\/p>\n<p>Tukan ku\u015flar\u0131 yery\u00fcz\u00fcndeki <strong>En Pahal\u0131 Ku\u015flar<\/strong> aras\u0131nda yer almaktad\u0131r. Bu ku\u015flar Ramphastidae familyas\u0131ndan geliyor ve Neotropik b\u00f6lgesinde ya\u015f\u0131yor. Ayn\u0131 zamanda bu ku\u015f t\u00fcrleri Capitonidae familyas\u0131n\u0131n da bir akrabas\u0131 olarak biliniyor. <strong>En Pahal\u0131 Ku\u015flar<\/strong> listemizde yer alan bu sevimli ku\u015flara bir\u00e7ok \u00e7izgi filmde rastlamak m\u00fcmk\u00fcn.<\/p>\n<h4>Tukan Ku\u015fu \u00d6zellikleri<\/h4>\n<p>Kocaman gagalar\u0131 ile ilk bak\u0131\u015fta dikkatleri \u00fczerine \u00e7eken <em>Tukan Ku\u015flar\u0131<\/em> rengarenk g\u00f6r\u00fcn\u00fcme sahiptir. Bu ku\u015flar\u0131n \u00f6zelliklerinden \u015fu \u015fekilde bahsetmek m\u00fcmk\u00fcn olabilir:<\/p>\n<ul>\n<li>Bu ku\u015flar\u0131n gagalar\u0131 kendilerinin boyutlar\u0131na oranla daha b\u00fcy\u00fckt\u00fcr.<\/li>\n<li>\u00c7ok k\u0131sa bir mesafeye h\u0131zl\u0131 u\u00e7an ku\u015flard\u0131r.<\/li>\n<li>Orman ku\u015flar\u0131 aras\u0131nda yer al\u0131rlar.<\/li>\n<li>Bu ku\u015f t\u00fcr\u00fcn\u00fcn bacaklar\u0131 k\u0131sa fakat \u00e7ok g\u00fc\u00e7l\u00fcd\u00fcr.<\/li>\n<li>Genellikle Omnivor \u015feklinde beslenirler.<\/li>\n<\/ul>\n<p><strong>Tukan Ku\u015flar\u0131<\/strong> \u00e7ileklerle, tohumlarla ve yumurta ile beslenebilirler. Meksika\u2019n\u0131n g\u00fcneyinde \u00e7ok fazla ya\u015fam alan\u0131 bulan bu ku\u015flar ayn\u0131 zamanda Orta Amerika b\u00f6lgesinde de g\u00f6r\u00fclebilirler. Tropikal b\u00f6lgelerin ku\u015f t\u00fcrleri aras\u0131nda yer alan Tukan ku\u015flar\u0131n\u0131 evde beslemek san\u0131ld\u0131\u011f\u0131 kadar kolay de\u011fildir. \u00c7\u00fcnk\u00fc bu ku\u015f t\u00fcrleri g\u00fcn\u00fcm\u00fczde \u00e7ok nadir bulunmaktad\u0131r. Bu nedenle de fiyatlar\u0131 san\u0131ld\u0131\u011f\u0131ndan \u00e7ok daha y\u00fcksektir.<\/p>\n<h3>S\u00fcmb\u00fcl Amerikan Papa\u011fan\u0131<\/h3>\n<p>&nbsp;<\/p>\n<figure id=\"attachment_174\" aria-describedby=\"caption-attachment-174\" style=\"width: 502px\" class=\"wp-caption alignnone\"><img loading=\"lazy\" decoding=\"async\" class=\"size-full wp-image-174\" title=\"Sumbul Amerikan Papagani\" src=\"https:\/\/almanca.com.tr\/blog\/wp-content\/uploads\/2022\/07\/Sumbul-Amerikan-Papagani.jpg\" alt=\"Sumbul Amerikan Papagani\" width=\"512\" height=\"512\" srcset=\"https:\/\/almanca.com.tr\/blog\/wp-content\/uploads\/2022\/07\/Sumbul-Amerikan-Papagani.jpg 512w, https:\/\/almanca.com.tr\/blog\/wp-content\/uploads\/2022\/07\/Sumbul-Amerikan-Papagani-50x50.jpg 50w, https:\/\/almanca.com.tr\/blog\/wp-content\/uploads\/2022\/07\/Sumbul-Amerikan-Papagani-120x120.jpg 120w\" sizes=\"auto, (max-width: 512px) 100vw, 512px\" \/><figcaption id=\"caption-attachment-174\" class=\"wp-caption-text\">Sumbul Amerikan Papagani<\/figcaption><\/figure>\n<p>&nbsp;<\/p>\n<p><strong>En Pahal\u0131 Ku\u015flar<\/strong> aras\u0131nda yer alan <em>S\u00fcmb\u00fcl Amerikan Papa\u011fan\u0131<\/em> son derece \u00f6zel ku\u015flar aras\u0131nda yer al\u0131yor. Yakla\u015f\u0131k olarak 1 metre uzunlu\u011funda olan bu ku\u015flar i\u00e7in en b\u00fcy\u00fck Amerikan papa\u011fan\u0131 olduklar\u0131 s\u00f6ylenebilir. Bu cinsin \u00f6zel bir ku\u015f olmas\u0131 fiyat\u0131n\u0131n da y\u00fcksek olmas\u0131nda son derece etkili bir rol oynamaktad\u0131r.<\/p>\n<p>Bu ku\u015flar genelde \u00e7iftler ya da aileler \u015feklinde ya\u015farlar. B\u00fcy\u00fck gruplar halinde ya\u015fad\u0131klar\u0131 i\u00e7in de ba\u011f kurma konusunda son derece yetenekli ku\u015flard\u0131r. S\u0131cak kanl\u0131 ku\u015flard\u0131r ve kolay \u00f6\u011frenebilirler. \u00d6zellikle bu ku\u015flar alet kullanma konusunda da kendilerini geli\u015ftirebilecek yeteneklere sahiptirler. Sosyal \u00f6\u011frenme a\u00e7\u0131s\u0131ndan son derece i\u015flevsel ku\u015flar olduklar\u0131 s\u00f6ylenebilir. S\u00fcmb\u00fcl ara papa\u011fanlar\u0131 savunmas\u0131z olan t\u00fcrlerdir. Bu nedenle de say\u0131lar\u0131 yok denecek kadar azd\u0131r. <strong>D\u00fcnyan\u0131n En Pahal\u0131 Ku\u015fu<\/strong> listesinde yer almas\u0131 da bu nedenledir.<\/p>\n<p>Bu ku\u015flar \u0130ndigo Amerikan papa\u011fan\u0131 ile b\u00fcy\u00fck benzerlik g\u00f6sterirler. Bununla birlikte belirli karakteristik \u00f6zellikleri de farkl\u0131d\u0131r. Ya\u015fam alanlar\u0131 genelde Brezilya\u2019n\u0131n kuzeyiyle s\u0131n\u0131rl\u0131 olmaktad\u0131r. Deliklere yuva yapan ku\u015flar \u00f6zellikle do\u011fal ortamlar\u0131nda olduk\u00e7a b\u00fcy\u00fcyebilme imkan\u0131 bulabilirler. En sevdikleri yiyecekleri de palmiye a\u011fa\u00e7lar\u0131nda bulabilmektedirler.<\/p>\n<h3>Palmiye Kakadusu<\/h3>\n<p>&nbsp;<\/p>\n<figure id=\"attachment_175\" aria-describedby=\"caption-attachment-175\" style=\"width: 502px\" class=\"wp-caption alignnone\"><img loading=\"lazy\" decoding=\"async\" class=\"size-full wp-image-175\" title=\"Palmiye Kakadusu\" src=\"https:\/\/almanca.com.tr\/blog\/wp-content\/uploads\/2022\/07\/Palmiye-Kakadusu.jpg\" alt=\"Palmiye Kakadusu\" width=\"512\" height=\"512\" srcset=\"https:\/\/almanca.com.tr\/blog\/wp-content\/uploads\/2022\/07\/Palmiye-Kakadusu.jpg 512w, https:\/\/almanca.com.tr\/blog\/wp-content\/uploads\/2022\/07\/Palmiye-Kakadusu-50x50.jpg 50w, https:\/\/almanca.com.tr\/blog\/wp-content\/uploads\/2022\/07\/Palmiye-Kakadusu-120x120.jpg 120w\" sizes=\"auto, (max-width: 512px) 100vw, 512px\" \/><figcaption id=\"caption-attachment-175\" class=\"wp-caption-text\">Palmiye Kakadusu<\/figcaption><\/figure>\n<p>&nbsp;<\/p>\n<p>Pahal\u0131 papa\u011fan t\u00fcrleri aras\u0131nda \u00f6ne \u00e7\u0131kan <em>Palmiye Kakadusu<\/em> son derece farkl\u0131 ku\u015f t\u00fcrleridir. Bu ku\u015flar g\u00f6r\u00fcn\u00fcmleri ile olduk\u00e7a heybetli ku\u015flar aras\u0131nda yer al\u0131yor. En pahal\u0131 ku\u015f fiyatlar\u0131 merak edildi\u011finde ilk olarak bu ku\u015flarla kar\u015f\u0131la\u015fmak m\u00fcmk\u00fcn olabilmektedir. Son derece g\u00fcr\u00fclt\u00fcl\u00fc olan bu ku\u015flar sahiplenilmesi zor ku\u015flar aras\u0131ndad\u0131r. \u00c7\u00fcnk\u00fc bu ku\u015flar hakk\u0131nda bilgi sahibi olmadan onlar\u0131 sahiplenmeye kalkmak ciddi anlamda zorlanman\u0131za neden olabilir.<\/p>\n<p>Avustralya k\u00f6kenli olan bu ku\u015flar \u00e7ok \u015fa\u015f\u0131rt\u0131c\u0131 \u00f6zelliklere sahiptir. Bu ku\u015flar\u0131n erkekleri yuva yapmak i\u00e7in son derece \u00e7al\u0131\u015fkand\u0131rlar. Konu\u015fma yetenekleri de son derece iyidir. \u00c7ok y\u00fcksek bir ses yap\u0131s\u0131na sahip olan ku\u015flar \u00e7ok uzak mesafelerden dahi duyulabilirler. \u00d6tmeye ba\u015flad\u0131klar\u0131nda seslerine tahamm\u00fcl etmek sizleri zorlayabilmektedir.<\/p>\n<p>Bu ku\u015flar\u0131n beslenmesi i\u00e7in meyve ya da f\u0131nd\u0131k gibi kuru yemi\u015f verilebilmektedir. A\u011fa\u00e7 tohumlar\u0131n\u0131 da severek t\u00fcketen ku\u015flar\u0131n \u00e7engel bir gaga yap\u0131s\u0131 vard\u0131r. B\u00f6ylece en sert cevizleri dahi kolayca k\u0131rabilme gibi bir yetenekleri bulunur. Koyu renkli t\u00fcylere sahip olan bu ku\u015flar genelde dumanl\u0131 bir renge sahiptirler. Gagalar\u0131n\u0131n boyutlar\u0131 b\u00fcy\u00fckt\u00fcr. Ayn\u0131 zamanda monomorfik ku\u015f t\u00fcrleri aras\u0131nda yer al\u0131rlar. \u00c7ok i\u015ftahl\u0131 olan bu ku\u015flar e\u011fer beslenmelerine dikkat edilmez ise obez olabilme riski ile kar\u015f\u0131 kar\u015f\u0131ya kalkabilirler. Bu nedenle evde beslenecek ise beslenme periyoduna dikkat etmek gerekir.<\/p>\n<h3>Taklac\u0131 G\u00fcvercinler<\/h3>\n<p>&nbsp;<\/p>\n<figure id=\"attachment_176\" aria-describedby=\"caption-attachment-176\" style=\"width: 502px\" class=\"wp-caption alignnone\"><img loading=\"lazy\" decoding=\"async\" class=\"size-full wp-image-176\" title=\"Taklaci Guverciler\" src=\"https:\/\/almanca.com.tr\/blog\/wp-content\/uploads\/2022\/07\/Taklaci-Guverciler.jpg\" alt=\"Taklaci Guverciler\" width=\"512\" height=\"512\" srcset=\"https:\/\/almanca.com.tr\/blog\/wp-content\/uploads\/2022\/07\/Taklaci-Guverciler.jpg 512w, https:\/\/almanca.com.tr\/blog\/wp-content\/uploads\/2022\/07\/Taklaci-Guverciler-50x50.jpg 50w, https:\/\/almanca.com.tr\/blog\/wp-content\/uploads\/2022\/07\/Taklaci-Guverciler-120x120.jpg 120w\" sizes=\"auto, (max-width: 512px) 100vw, 512px\" \/><figcaption id=\"caption-attachment-176\" class=\"wp-caption-text\">Taklaci Guverciler<\/figcaption><\/figure>\n<p>&nbsp;<\/p>\n<p>G\u00fcvercinler en \u00e7ok beslenen ku\u015f t\u00fcrleri aras\u0131nda yer almaktad\u0131r. Bu ku\u015flar\u0131n rahat bir \u015fekilde beslenebilmesi i\u00e7in mutlaka \u00f6zel bir yeriniz olmas\u0131 gerekiyor. G\u00fcvercin t\u00fcrleri aras\u0131nda da olduk\u00e7a fazla \u00e7e\u015fit bulunuyor. Bunlar i\u00e7erisinde de son derece pahal\u0131 t\u00fcrlerden bahsetmek m\u00fcmk\u00fcnd\u00fcr. G\u00fcvercin merakl\u0131lar\u0131n\u0131n en \u00e7ok merak etti\u011fi t\u00fcrlerden birisi de taklac\u0131 g\u00fcvercin t\u00fcrleridir. Bu ku\u015flar <strong>Taklac\u0131 G\u00fcvercinler<\/strong> kendi familyas\u0131 i\u00e7erisinde olduk\u00e7a <em><strong>Pahal\u0131 Ku\u015flar<\/strong><\/em> aras\u0131nda yer al\u0131rlar.<\/p>\n<h4>Taklac\u0131 G\u00fcvercin \u00d6zellikleri ve Bak\u0131m\u0131<\/h4>\n<p>Bu ku\u015flar\u0131n bak\u0131mlar\u0131 hakk\u0131nda \u015funlardan bahsetmek m\u00fcmk\u00fcn olabilir:<\/p>\n<ul>\n<li>Bu ku\u015flar\u0131n yeme ve u\u00e7ma vakitlerini her g\u00fcn ayn\u0131 saatlere ayarlamak gerekir.<\/li>\n<li>Y\u00fcksek performans g\u00f6sterebilmeleri i\u00e7in mutlaka antrenmana ihtiya\u00e7 duyarlar.<\/li>\n<li>K\u00fcmeslerinin temiz tutulmas\u0131 \u00f6nemlidir.<\/li>\n<li>Yem verme i\u015fleminin ak\u015famlar\u0131 yap\u0131lmas\u0131 b\u00fcy\u00fck bir \u00f6nem ta\u015f\u0131yor.<\/li>\n<li>Salma kafesler mutlaka havadar olmak zorundad\u0131r.<\/li>\n<li>Salma kafesler ayda bir defa dezenfekte edilmesi \u00f6nemlidir.<\/li>\n<\/ul>\n<p>Bunlar\u0131n yan\u0131nda bu ku\u015flar\u0131n mutlaka sular\u0131n\u0131n de\u011fi\u015ftirilmesine de dikkat etmek gerekiyor. Suluklar\u0131n\u0131n her hafta dezenfekte edilmesi de hastalanmamalar\u0131 a\u00e7\u0131s\u0131ndan b\u00fcy\u00fck bir \u00f6nem ta\u015f\u0131maktad\u0131r. Taklac\u0131 g\u00fcvercinler pahal\u0131 ku\u015flardan oldu\u011fu i\u00e7in sat\u0131n al\u0131nmas\u0131 da bir hayli g\u00fc\u00e7 denilebilir.<\/p>\n<h3>Bolt<\/h3>\n<p>&nbsp;<\/p>\n<figure id=\"attachment_177\" aria-describedby=\"caption-attachment-177\" style=\"width: 502px\" class=\"wp-caption alignnone\"><img loading=\"lazy\" decoding=\"async\" class=\"size-full wp-image-177\" title=\"Bolt\" src=\"https:\/\/almanca.com.tr\/blog\/wp-content\/uploads\/2022\/07\/Bolt.jpg\" alt=\"Bolt\" width=\"512\" height=\"512\" srcset=\"https:\/\/almanca.com.tr\/blog\/wp-content\/uploads\/2022\/07\/Bolt.jpg 512w, https:\/\/almanca.com.tr\/blog\/wp-content\/uploads\/2022\/07\/Bolt-50x50.jpg 50w, https:\/\/almanca.com.tr\/blog\/wp-content\/uploads\/2022\/07\/Bolt-120x120.jpg 120w\" sizes=\"auto, (max-width: 512px) 100vw, 512px\" \/><figcaption id=\"caption-attachment-177\" class=\"wp-caption-text\">Bolt<\/figcaption><\/figure>\n<p>&nbsp;<\/p>\n<p><em>Bolt G\u00fcvercin<\/em> de en pahal\u0131 ku\u015flar aras\u0131nda yer al\u0131yor. Y\u00fcksek rakamlara sat\u0131lan bu ku\u015f <strong>D\u00fcnyan\u0131n En Pahal\u0131 Ku\u015flar\u0131<\/strong> aras\u0131nda \u00f6nemli bir yere sahiptir. Bu ku\u015f bileklerinde ve boyunlar\u0131nda bulunan da\u011f\u0131n\u0131k t\u00fcy gruplar\u0131ndan tan\u0131n\u0131r. Bej, siyah, beyaz, kahverengi gibi farkl\u0131 renklerin bir araya gelmesi ile olu\u015fan ku\u015ftur. Taklac\u0131 bir ku\u015f t\u00fcr\u00fc olan Bolt ismini ise d\u00fcnyadaki en h\u0131zl\u0131 insan\u0131 olan Usain Bolt\u2019tan al\u0131yor. Kendine has \u00f6zellikleri bulunan Bolt, g\u00fcn\u00fcm\u00fczde en pahal\u0131 fiyata sat\u0131lan ku\u015flar aras\u0131nda yer almay\u0131 ba\u015farm\u0131\u015f durumdad\u0131r.<\/p>\n<p>G\u00fcvercinleri hobi olarak besleyenlerin en \u00e7ok ilgi duydu\u011fu t\u00fcrler aras\u0131nda yer al\u0131yor. \u00c7ok sevilen bu ku\u015f son derece e\u011flencelidir. Bel\u00e7ika\u2019da d\u00fczenlenen bir ku\u015f yar\u0131\u015fmas\u0131 s\u0131ras\u0131nda \u00c7inli bir i\u015f adam\u0131 taraf\u0131ndan \u00e7ok y\u00fcksek bir rakama sat\u0131n al\u0131nan Bolt d\u00fcnya genelinde de dikkatleri \u00fczerine \u00e7ekmeyi ba\u015farm\u0131\u015ft\u0131r.<\/p>\n<h3>Dev Brahma Horoz<\/h3>\n<p>&nbsp;<\/p>\n<figure id=\"attachment_178\" aria-describedby=\"caption-attachment-178\" style=\"width: 502px\" class=\"wp-caption alignnone\"><img loading=\"lazy\" decoding=\"async\" class=\"size-full wp-image-178\" title=\"Dev Bahama Horoz\" src=\"https:\/\/almanca.com.tr\/blog\/wp-content\/uploads\/2022\/07\/Dev-Bahama-Horoz.jpg\" alt=\"Dev Bahama Horoz\" width=\"512\" height=\"512\" srcset=\"https:\/\/almanca.com.tr\/blog\/wp-content\/uploads\/2022\/07\/Dev-Bahama-Horoz.jpg 512w, https:\/\/almanca.com.tr\/blog\/wp-content\/uploads\/2022\/07\/Dev-Bahama-Horoz-50x50.jpg 50w, https:\/\/almanca.com.tr\/blog\/wp-content\/uploads\/2022\/07\/Dev-Bahama-Horoz-120x120.jpg 120w\" sizes=\"auto, (max-width: 512px) 100vw, 512px\" \/><figcaption id=\"caption-attachment-178\" class=\"wp-caption-text\">Dev Bahama Horoz<\/figcaption><\/figure>\n<p>&nbsp;<\/p>\n<p>Ku\u015f ailesinin \u00fcyesi olan horoz ve tavuklar aras\u0131nda da son derece pahal\u0131 olan t\u00fcrler bulunuyor. Bunlar i\u00e7erisinde Dev Brahma tavuklar\u0131 en pahal\u0131 t\u00fcrler aras\u0131nda yer almaktad\u0131r. \u00c7ok pop\u00fcler olan bu tavuklar\u0131n k\u00f6keni Asya \u00fclkeleridir. T\u00fcrkiye\u2019de de bulunan bu horozlar\u0131n a\u011f\u0131rl\u0131\u011f\u0131 5,5 -6 kg kadard\u0131r. Son derece \u00f6zel olan bu canl\u0131lar\u0131n bir\u00e7ok farkl\u0131 renkten olu\u015fan kombinasyonlar\u0131 bulunuyor.<\/p>\n<p>Bu horozlar\u0131n pa\u00e7a k\u0131s\u0131mlar\u0131 t\u00fcyl\u00fcd\u00fcr. Ayn\u0131 zamanda bir\u00e7ok farkl\u0131 alt t\u00fcr\u00fc de bulunuyor. Bu horozlar\u0131n <a href=\"https:\/\/www.backyardchickens.com\/threads\/bantam-and-large-fowl-cochin-crosses-official-thread-many-photos-are-welcome.1496964\/\" target=\"_blank\" rel=\"noopener\">Malay ve Cochin<\/a> \u0131rklar\u0131ndan geldikleri haklar\u0131nda bilinen konular aras\u0131ndad\u0131r. En \u00e7ok g\u00f6r\u00fclen renkleri aras\u0131nda gri, beyaz, siyah ve kahverengi tonlar\u0131 bulunuyor. Son derece sevilen t\u00fcrler aras\u0131nda yer alan bu horozlar \u00f6zellikle \u00e7iftlik tarz\u0131 yeri olan ki\u015filer taraf\u0131ndan s\u0131kl\u0131kla beslenmektedir. Farkl\u0131 ve heybetli g\u00f6r\u00fcn\u00fcmleri ile ilgi \u00e7eken kanatl\u0131 t\u00fcrleri aras\u0131nda bulunurlar.<\/p>\n<h2>D\u00fcnyan\u0131n En Pahal\u0131 Ku\u015flar\u0131\u00a0ve Fiyatlar\u0131<\/h2>\n<p>\u00c7e\u015fitlili\u011fi ve rengiyle bir \u00e7ok insan\u0131 b\u00fcy\u00fcleyen ku\u015flar, g\u00fcn bat\u0131m\u0131 yada g\u00fcn do\u011fumunda g\u00fcne\u015fin ilk \u0131\u015f\u0131klar\u0131 ile beraber onalar\u0131 izlemek d\u00fcnyan\u0131n en b\u00fcy\u00fck mutlulu\u011fu olabilir. Ku\u015flar\u0131n g\u00f6zbebe\u011fimize hayat dolu bak\u0131\u015flar\u0131 bak\u0131\u015flar\u0131 \u00f6mr\u00fcm\u00fcze \u00f6m\u00fcr katar.<\/p>\n<p>\u015eimdi farkl\u0131 k\u0131ta ve \u00fclkelerde <strong>D\u00fcnyan\u0131n En Pahal\u0131 Ku\u015flar\u0131<\/strong> listemize bir g\u00f6z atal\u0131m.<\/p>\n<ol>\n<li>Racing Pigeons \u2013 $90,900 \u2013 $1.4 Million<\/li>\n<li>Palm or Goliath Cockatoo \u2013 $16,000<\/li>\n<li>Hyacinth Macaw \u2013 $7,000-40,000<\/li>\n<li>Toucan \u2013 $8000<\/li>\n<li>Ayam Cemani Chicken \u2013 $2500<\/li>\n<li>Flamingo \u2013 $1000<\/li>\n<li>Scarlet Tanager \u2013 $900<\/li>\n<li>Northern Oriole \u2013 $850+<\/li>\n<li>Mountain Bluebird \u2013 $850<\/li>\n<li>Northern Cardinal \u2013 $800<\/li>\n<\/ol>\n<figure id=\"attachment_186\" aria-describedby=\"caption-attachment-186\" style=\"width: 1910px\" class=\"wp-caption alignnone\"><img loading=\"lazy\" decoding=\"async\" class=\"size-full wp-image-186\" title=\"Dunyanin En Pahali 10 Kusu\" src=\"https:\/\/almanca.com.tr\/blog\/wp-content\/uploads\/2022\/07\/Dunyanin-En-Pahali-10-Kusu.jpg\" alt=\"D\u00fcnyan\u0131n En Pahal\u0131 Ku\u015flar\u0131 ve Fiyatlar\u0131\" width=\"1920\" height=\"1080\" srcset=\"https:\/\/almanca.com.tr\/blog\/wp-content\/uploads\/2022\/07\/Dunyanin-En-Pahali-10-Kusu.jpg 1920w, https:\/\/almanca.com.tr\/blog\/wp-content\/uploads\/2022\/07\/Dunyanin-En-Pahali-10-Kusu-768x432.jpg 768w, https:\/\/almanca.com.tr\/blog\/wp-content\/uploads\/2022\/07\/Dunyanin-En-Pahali-10-Kusu-1536x864.jpg 1536w\" sizes=\"auto, (max-width: 1920px) 100vw, 1920px\" \/><figcaption id=\"caption-attachment-186\" class=\"wp-caption-text\">D\u00fcnyan\u0131n En Pahal\u0131 Ku\u015flar\u0131 ve Fiyatlar\u0131<\/figcaption><\/figure>\n<p>&nbsp;<\/p>\n<p><strong>D\u00fcnyan\u0131n En Pahal\u0131 Ku\u015flar\u0131<\/strong> \u200bkonumuzu burada bitiriyoruz. Umar\u0131z bu konu hakk\u0131nda <em>D\u00fcnyan\u0131n En Pahal\u0131 Ku\u015flar\u0131<\/em> sizlerin merak\u0131n\u0131 gidermi\u015f ve bilgi sahibi olman\u0131z\u0131 sa\u011flam\u0131\u015ft\u0131r.<\/p>\n<blockquote class=\"wp-block-quote\"><p><em><br \/>\n<a href=\"https:\/\/almanca.com.tr\/blog\/en-iyi-fantastik-kitaplar\/\">En iyi Fantastik Kitaplar Listesi 2022<\/a><br \/>\n<\/em><\/p><\/blockquote>\n","protected":false},"excerpt":{"rendered":"<p>D\u00fcnyan\u0131n En Pahal\u0131 Ku\u015flar\u0131 Ku\u015flar bir\u00e7ok ki\u015fi i\u00e7in son derece e\u011flenceli hobilerden biridir. Yer y\u00fcz\u00fcnde bir\u00e7ok farkl\u0131 ku\u015f t\u00fcr\u00fcn\u00fcn olmas\u0131 bu alanda yap\u0131lan ara\u015ft\u0131rmalar\u0131 ve ku\u015f g\u00f6zlemcili\u011fini de pop\u00fcler hale getiriyor. D\u00fcnyan\u0131n En &#8230; <\/p>\n<p class=\"read-more-container\"><a title=\"D\u00fcnyan\u0131n En Pahal\u0131 Ku\u015flar\u0131\" class=\"read-more button\" href=\"https:\/\/almanca.com.tr\/blog\/dunyanin-en-pahali-kuslari\/#more-169\" aria-label=\"Read more about D\u00fcnyan\u0131n En Pahal\u0131 Ku\u015flar\u0131\">Devam\u0131n\u0131 Oku<\/a><\/p>\n","protected":false},"author":1,"featured_media":180,"comment_status":"open","ping_status":"open","sticky":false,"template":"","format":"standard","meta":{"footnotes":""},"categories":[1],"tags":[],"class_list":["post-169","post","type-post","status-publish","format-standard","has-post-thumbnail","hentry","category-genel"],"views":1850,"_links":{"self":[{"href":"https:\/\/almanca.com.tr\/blog\/wp-json\/wp\/v2\/posts\/169","targetHints":{"allow":["GET"]}}],"collection":[{"href":"https:\/\/almanca.com.tr\/blog\/wp-json\/wp\/v2\/posts"}],"about":[{"href":"https:\/\/almanca.com.tr\/blog\/wp-json\/wp\/v2\/types\/post"}],"author":[{"embeddable":true,"href":"https:\/\/almanca.com.tr\/blog\/wp-json\/wp\/v2\/users\/1"}],"replies":[{"embeddable":true,"href":"https:\/\/almanca.com.tr\/blog\/wp-json\/wp\/v2\/comments?post=169"}],"version-history":[{"count":0,"href":"https:\/\/almanca.com.tr\/blog\/wp-json\/wp\/v2\/posts\/169\/revisions"}],"wp:featuredmedia":[{"embeddable":true,"href":"https:\/\/almanca.com.tr\/blog\/wp-json\/wp\/v2\/media\/180"}],"wp:attachment":[{"href":"https:\/\/almanca.com.tr\/blog\/wp-json\/wp\/v2\/media?parent=169"}],"wp:term":[{"taxonomy":"category","embeddable":true,"href":"https:\/\/almanca.com.tr\/blog\/wp-json\/wp\/v2\/categories?post=169"},{"taxonomy":"post_tag","embeddable":true,"href":"https:\/\/almanca.com.tr\/blog\/wp-json\/wp\/v2\/tags?post=169"}],"curies":[{"name":"wp","href":"https:\/\/api.w.org\/{rel}","templated":true}]}}