{"id":1931,"date":"2022-12-30T13:44:28","date_gmt":"2022-12-30T13:44:28","guid":{"rendered":"https:\/\/almanca.com.tr\/blog\/?p=1931"},"modified":"2022-12-30T13:44:28","modified_gmt":"2022-12-30T13:44:28","slug":"italyanca-agaclar","status":"publish","type":"post","link":"https:\/\/almanca.com.tr\/blog\/italyanca-agaclar\/","title":{"rendered":"\u0130talyanca A\u011fa\u00e7lar"},"content":{"rendered":"<p>Bu i\u00e7eri\u011fimizde <strong>\u0130talyanca A\u011fa\u00e7lar<\/strong> konusunu \u00f6\u011freneceksiniz \u0130talyanca A\u011fa\u00e7 isimleri ve T\u00fcrk\u00e7e anlamalar\u0131 nelerdir birlikte \u00f6\u011frenece\u011fiz. \u0130talyanca A\u011fa\u00e7 \u2013<strong>\u00a0l&#8217;albero<\/strong> olarak tan\u0131mlan\u0131r. Bu konumuzda yaz\u0131lan i\u00e7eri\u011fi not alarak \u00e7al\u0131\u015f\u0131n. Peki\u015ftirme i\u00e7in sitemizde yer alan di\u011fer \u0130talyanca konular\u0131m\u0131za g\u00f6z atarak al\u0131\u015ft\u0131rmalar\u0131 her konu i\u00e7in yapabilirsiniz.<\/p>\n<h2>\u0130talyanca A\u011fa\u00e7lar ve T\u00fcrk\u00e7e Anlamlar\u0131<\/h2>\n<ul>\n<li>l&#8217;albero = A\u011fa\u00e7<\/li>\n<li>la radice = K\u00f6k<\/li>\n<li>il ramo = Dal<\/li>\n<li>la foglia = Yaprak<\/li>\n<li>il tronco = A\u011fa\u00e7 g\u00f6vdesi<\/li>\n<li>la quercia = Me\u015fe<\/li>\n<li>il pino = \u00c7am<\/li>\n<li>la palma = Palmiye<\/li>\n<li>il bamb\u00f9 = Bambu (<a href=\"https:\/\/www.faidate360.com\/Alberi_italiani.html\" target=\"_blank\" rel=\"noopener\">bitki<\/a>)<\/li>\n<li>il faggio = Kay\u0131n<\/li>\n<li>l&#8217;eucalipto = Okalipt\u00fcs<\/li>\n<li>il salice = S\u00f6\u011f\u00fct<\/li>\n<li>il larice = Kara\u00e7am<\/li>\n<li>la betulla = Hu\u015f a\u011fac\u0131<\/li>\n<\/ul>\n<div class=\"pdf-btn\"><\/div>\n<hr \/>\n<blockquote class=\"wp-block-quote\"><p><em><br \/>\n\u0130talyanca Yemek \u0130simleri ve T\u00fcrk\u00e7e Anlamlar\u0131: \u0130talyanca kelime bilgisinde, en \u00f6nemli konular\u0131n ba\u015f\u0131nda yer alan ve g\u00fcnl\u00fck hayat\u0131n i\u00e7inde yer alan yemeklerin \u0130talyanca ve T\u00fcrk\u00e7e anlamlar\u0131n\u0131 a\u015fa\u011f\u0131daki ba\u011flant\u0131 linkine t\u0131klayarak eri\u015fim sa\u011flayabilirsiniz.<br \/>\n<a href=\"https:\/\/almanca.com.tr\/blog\/italyanca-yemekler\/\">\u0130talyanca Yemekler ve T\u00fcrk\u00e7e Anlamlar\u0131<\/a><br \/>\n<\/em><\/p><\/blockquote>\n<hr \/>\n","protected":false},"excerpt":{"rendered":"<p>Bu i\u00e7eri\u011fimizde \u0130talyanca A\u011fa\u00e7lar konusunu \u00f6\u011freneceksiniz \u0130talyanca A\u011fa\u00e7 isimleri ve T\u00fcrk\u00e7e anlamalar\u0131 nelerdir birlikte \u00f6\u011frenece\u011fiz. \u0130talyanca A\u011fa\u00e7 \u2013\u00a0l&#8217;albero olarak tan\u0131mlan\u0131r. Bu konumuzda yaz\u0131lan i\u00e7eri\u011fi not alarak \u00e7al\u0131\u015f\u0131n. Peki\u015ftirme i\u00e7in sitemizde yer alan di\u011fer &#8230; <\/p>\n<p class=\"read-more-container\"><a title=\"\u0130talyanca A\u011fa\u00e7lar\" class=\"read-more button\" href=\"https:\/\/almanca.com.tr\/blog\/italyanca-agaclar\/#more-1931\" aria-label=\"Read more about \u0130talyanca A\u011fa\u00e7lar\">Devam\u0131n\u0131 Oku<\/a><\/p>\n","protected":false},"author":1,"featured_media":2504,"comment_status":"open","ping_status":"open","sticky":false,"template":"","format":"standard","meta":{"footnotes":""},"categories":[7],"tags":[],"class_list":["post-1931","post","type-post","status-publish","format-standard","has-post-thumbnail","hentry","category-italyanca-konu-anlatimlari"],"views":871,"_links":{"self":[{"href":"https:\/\/almanca.com.tr\/blog\/wp-json\/wp\/v2\/posts\/1931","targetHints":{"allow":["GET"]}}],"collection":[{"href":"https:\/\/almanca.com.tr\/blog\/wp-json\/wp\/v2\/posts"}],"about":[{"href":"https:\/\/almanca.com.tr\/blog\/wp-json\/wp\/v2\/types\/post"}],"author":[{"embeddable":true,"href":"https:\/\/almanca.com.tr\/blog\/wp-json\/wp\/v2\/users\/1"}],"replies":[{"embeddable":true,"href":"https:\/\/almanca.com.tr\/blog\/wp-json\/wp\/v2\/comments?post=1931"}],"version-history":[{"count":0,"href":"https:\/\/almanca.com.tr\/blog\/wp-json\/wp\/v2\/posts\/1931\/revisions"}],"wp:featuredmedia":[{"embeddable":true,"href":"https:\/\/almanca.com.tr\/blog\/wp-json\/wp\/v2\/media\/2504"}],"wp:attachment":[{"href":"https:\/\/almanca.com.tr\/blog\/wp-json\/wp\/v2\/media?parent=1931"}],"wp:term":[{"taxonomy":"category","embeddable":true,"href":"https:\/\/almanca.com.tr\/blog\/wp-json\/wp\/v2\/categories?post=1931"},{"taxonomy":"post_tag","embeddable":true,"href":"https:\/\/almanca.com.tr\/blog\/wp-json\/wp\/v2\/tags?post=1931"}],"curies":[{"name":"wp","href":"https:\/\/api.w.org\/{rel}","templated":true}]}}