{"id":2654,"date":"2023-01-25T07:25:02","date_gmt":"2023-01-25T04:25:02","guid":{"rendered":"https:\/\/almanca.com.tr\/blog\/?p=2654"},"modified":"2023-01-25T07:25:02","modified_gmt":"2023-01-25T04:25:02","slug":"italyanca-artikeller","status":"publish","type":"post","link":"https:\/\/almanca.com.tr\/blog\/italyanca-artikeller\/","title":{"rendered":"\u0130talyanca Artikeller"},"content":{"rendered":"<p><strong>\u0130talyanca Artikeller:\u00a0<\/strong> \u0130talyanca dilinde, isimlerin \u00f6n\u00fcne konulan artikeller &#8220;<strong>il<\/strong>&#8220;, &#8220;<strong>lo<\/strong>&#8220;, &#8220;<strong>la<\/strong>&#8220;, &#8220;<strong>l<\/strong>&#8216;&#8221; ve &#8220;<strong>i<\/strong>&#8221; olmak \u00fczere be\u015f tanedir. Hangi artikel kullan\u0131laca\u011f\u0131, ismin cinsiyetine ve say\u0131s\u0131na g\u00f6re de\u011fi\u015febilir. A\u015fa\u011f\u0131da \u0130talyanca dilinde kullan\u0131lan artikellerin k\u0131sa bir \u00f6zeti verilmi\u015ftir:<\/p>\n<ul>\n<li>&#8220;Il&#8221; : Erkek tekil veya \u00e7o\u011ful isimler i\u00e7in kullan\u0131l\u0131r. <strong>\u00d6rnek<\/strong>: &#8220;il gatto&#8221; (kedi), &#8220;il libro&#8221; (kitap)<\/li>\n<li>&#8220;La&#8221; : Di\u015fi tekil isimler i\u00e7in kullan\u0131l\u0131r. <strong>\u00d6rnek<\/strong>: &#8220;la casa&#8221; (ev), &#8220;la ragazza&#8221; (k\u0131z)<\/li>\n<li>&#8220;Lo&#8221; : Erkek tekil isimler i\u00e7in kullan\u0131l\u0131r ve \u00f6zellikle \u00f6nemli, \u00f6zel veya sayg\u0131n olanlar i\u00e7in kullan\u0131l\u0131r. <strong>\u00d6rnek<\/strong>: &#8220;lo zio&#8221; (amca), &#8220;lo chef&#8221; (\u015fef)<\/li>\n<li>&#8220;L'&#8221; : Erkek tekil isimler i\u00e7in kullan\u0131l\u0131r ve sesli harfle ba\u015flar. <strong>\u00d6rnek<\/strong>: &#8220;l&#8217;uomo&#8221; (erkek), &#8220;l&#8217;albero&#8221; (a\u011fa\u00e7)<\/li>\n<li>&#8220;I&#8221; : \u00c7o\u011ful isimler i\u00e7in kullan\u0131l\u0131r ve sesli harfle ba\u015flar. <strong>\u00d6rnek<\/strong>: &#8220;i libri&#8221; (kitaplar), &#8220;i gatti&#8221; (kediler)<\/li>\n<\/ul>\n<p>&nbsp;<\/p>\n<p>\u0130talyanca dilinde, isimlerin \u00f6n\u00fcne konulan &#8220;<strong>il<\/strong>&#8221; &#8220;<strong>lo<\/strong>&#8221; &#8220;<strong>la<\/strong>&#8221; &#8220;<strong>l<\/strong>&#8216;&#8221; &#8220;<strong>i<\/strong>&#8221; gibi kelimelere &#8220;artikel (articoli)&#8221; denir. Bu artikeller, ismin cinsiyetini ve say\u0131s\u0131n\u0131 belirler.<\/p>\n<ul>\n<li>Il (erkek tekil): &#8220;Il libro&#8221; (kitap)<\/li>\n<li>Lo (erkek \u00e7o\u011ful): &#8220;Lo studenti&#8221; (\u00f6\u011frenciler)<\/li>\n<li>La (di\u015fi tekil): &#8220;La penna&#8221; (kalem)<\/li>\n<li>L&#8217; (di\u015fi tekil ve \u00e7o\u011ful, ismin ba\u015f\u0131nda bir sessiz harf ile ba\u015fl\u0131yorsa) : &#8220;L&#8217;albero&#8221; (a\u011fa\u00e7)<\/li>\n<\/ul>\n<p>Ayr\u0131ca \u0130talyanca dilinde, isimlerin \u00f6n\u00fcne &#8220;<strong>un<\/strong>&#8221; , &#8220;<strong>uno<\/strong>&#8221; gibi kelimeler konulabilir. Bu kelimeler isimlerin belirli veya belirsiz hali olarak kullan\u0131l\u0131r.<\/p>\n<p><strong>\u00d6rnek<\/strong>:&#8221;Un libro&#8221; (bir kitap) ve &#8220;uno studente&#8221; (bir \u00f6\u011frenci)<\/p>\n<p>Ayr\u0131ca \u0130talyanca dilinde, isimlerin \u00f6n\u00fcne &#8220;questo&#8221;, &#8220;<strong>quello<\/strong>&#8220;, &#8220;<strong>questi<\/strong>&#8221; ve &#8220;<strong>quelli<\/strong>&#8221; gibi kelimeler konulabilir. Bu kelimeler isimlerin bu, \u015fu, bunlar, \u015funlar gibi anlamlar\u0131n\u0131 verir.<\/p>\n<p><strong>\u00d6rnek<\/strong>: &#8220;Questo libro&#8221; (bu kitap) ve &#8220;Quelli studenti&#8221; (\u015fu \u00f6\u011frenciler)<\/p>\n<h2>\u0130talyanca Tan\u0131m Edatlar\u0131<\/h2>\n<p>\u0130talyanca dilinde, fiil veya isimlerin anlam\u0131n\u0131 belirlemek i\u00e7in kullan\u0131lan eklere &#8220;<strong>tan\u0131m edatlar\u0131<\/strong>&#8221; denir. A\u015fa\u011f\u0131da \u0130talyanca dilinde en yayg\u0131n olarak kullan\u0131lan tan\u0131m edatlar\u0131n\u0131n baz\u0131lar\u0131 verilmi\u015ftir:<\/p>\n<ul>\n<li>Di: Bu edat, bir ismin sahibini belirtir. \u00d6rne\u011fin: &#8220;Il libro di mia madre&#8221; (annemin kitab\u0131)<\/li>\n<li>A: Bu edat, bir ismin yerini veya mekan\u0131n\u0131 belirtir. \u00d6rne\u011fin: &#8220;Il negozio a Milano&#8221; (Milano&#8217;daki d\u00fckkan)<\/li>\n<li>Con: Bu edat, bir ismin ile birlikte olu\u015funu belirtir. \u00d6rne\u011fin: &#8220;Il libro con le foto&#8221; (foto\u011fraflar i\u00e7eren kitap)<\/li>\n<li>Per: Bu edat, bir ismin amac\u0131n\u0131 veya sebebini belirtir. \u00d6rne\u011fin: &#8220;Il libro per imparare l&#8217;italiano&#8221; (\u0130talyanca \u00f6\u011frenmek i\u00e7in kitap)<\/li>\n<\/ul>\n<h3>\n\u0130talyanca Tan\u0131m Edatlar\u0131 \u00d6rnek C\u00fcmleler<\/h3>\n<ol>\n<li>&#8220;Il regalo di mia sorella&#8221; (karde\u015fimin arma\u011fan\u0131)<\/li>\n<li>&#8220;La casa a Roma&#8221; (Roma&#8217;daki ev)<\/li>\n<li>&#8220;La pasta con il pomodoro&#8221; (domatesli makarna)<\/li>\n<li>&#8220;Il lavoro per guadagnare soldi&#8221; (para kazanmak i\u00e7in i\u015f)<\/li>\n<li>&#8220;Il libro scritto da un famoso scrittore&#8221; (bir \u00fcnl\u00fc yazar taraf\u0131ndan yaz\u0131lm\u0131\u015f kitap)<\/li>\n<li>&#8220;La vacanza in montagna con gli amici&#8221; (da\u011f tatili arkada\u015flarla)<\/li>\n<li>&#8220;La lettera per mio padre&#8221; (babam i\u00e7in mektup)<\/li>\n<li>&#8220;Il film di fantascienza&#8221; (bilim-kurgu filmi)<\/li>\n<li>&#8220;La cena con la famiglia&#8221; (aile yeme\u011fi)<\/li>\n<li>&#8220;La decisione per il futuro&#8221; (gelecek i\u00e7in karar)<\/li>\n<\/ol>\n<p><strong>Not<\/strong>: Bu c\u00fcmleler yaln\u0131zca genel bir anlam ta\u015f\u0131maktad\u0131r ve daha spesifik bir konuda yaz\u0131lm\u0131\u015f c\u00fcmleler kurulabilir.<\/p>\n","protected":false},"excerpt":{"rendered":"<p>\u0130talyanca Artikeller:\u00a0 \u0130talyanca dilinde, isimlerin \u00f6n\u00fcne konulan artikeller &#8220;il&#8220;, &#8220;lo&#8220;, &#8220;la&#8220;, &#8220;l&#8216;&#8221; ve &#8220;i&#8221; olmak \u00fczere be\u015f tanedir. Hangi artikel kullan\u0131laca\u011f\u0131, ismin cinsiyetine ve say\u0131s\u0131na g\u00f6re de\u011fi\u015febilir. A\u015fa\u011f\u0131da \u0130talyanca dilinde kullan\u0131lan artikellerin k\u0131sa &#8230; <\/p>\n<p class=\"read-more-container\"><a title=\"\u0130talyanca Artikeller\" class=\"read-more button\" href=\"https:\/\/almanca.com.tr\/blog\/italyanca-artikeller\/#more-2654\" aria-label=\"Read more about \u0130talyanca Artikeller\">Devam\u0131n\u0131 Oku<\/a><\/p>\n","protected":false},"author":1,"featured_media":2655,"comment_status":"open","ping_status":"open","sticky":false,"template":"","format":"standard","meta":{"footnotes":""},"categories":[7],"tags":[],"class_list":["post-2654","post","type-post","status-publish","format-standard","has-post-thumbnail","hentry","category-italyanca-konu-anlatimlari"],"views":2145,"_links":{"self":[{"href":"https:\/\/almanca.com.tr\/blog\/wp-json\/wp\/v2\/posts\/2654","targetHints":{"allow":["GET"]}}],"collection":[{"href":"https:\/\/almanca.com.tr\/blog\/wp-json\/wp\/v2\/posts"}],"about":[{"href":"https:\/\/almanca.com.tr\/blog\/wp-json\/wp\/v2\/types\/post"}],"author":[{"embeddable":true,"href":"https:\/\/almanca.com.tr\/blog\/wp-json\/wp\/v2\/users\/1"}],"replies":[{"embeddable":true,"href":"https:\/\/almanca.com.tr\/blog\/wp-json\/wp\/v2\/comments?post=2654"}],"version-history":[{"count":0,"href":"https:\/\/almanca.com.tr\/blog\/wp-json\/wp\/v2\/posts\/2654\/revisions"}],"wp:featuredmedia":[{"embeddable":true,"href":"https:\/\/almanca.com.tr\/blog\/wp-json\/wp\/v2\/media\/2655"}],"wp:attachment":[{"href":"https:\/\/almanca.com.tr\/blog\/wp-json\/wp\/v2\/media?parent=2654"}],"wp:term":[{"taxonomy":"category","embeddable":true,"href":"https:\/\/almanca.com.tr\/blog\/wp-json\/wp\/v2\/categories?post=2654"},{"taxonomy":"post_tag","embeddable":true,"href":"https:\/\/almanca.com.tr\/blog\/wp-json\/wp\/v2\/tags?post=2654"}],"curies":[{"name":"wp","href":"https:\/\/api.w.org\/{rel}","templated":true}]}}