{"id":2660,"date":"2023-01-28T22:47:54","date_gmt":"2023-01-28T19:47:54","guid":{"rendered":"https:\/\/almanca.com.tr\/blog\/?p=2660"},"modified":"2023-01-28T22:47:54","modified_gmt":"2023-01-28T19:47:54","slug":"italyanca-meyveler","status":"publish","type":"post","link":"https:\/\/almanca.com.tr\/blog\/italyanca-meyveler\/","title":{"rendered":"\u0130talyanca Meyveler"},"content":{"rendered":"<p><strong>\u0130talyanca Meyveler<\/strong>: \u0130talyanca&#8217;da meyve kelimesi &#8220;<strong>la frutta<\/strong>&#8221; olarak yaz\u0131l\u0131r ve tan\u0131mlan\u0131r. \u00d6rne\u011fin, &#8220;Compro frutta al mercato&#8221; (pazar&#8217;da meyve al\u0131yorum) gibi c\u00fcmlelerde &#8220;la frutta&#8221;\u00a0 kelimesini kulanabilirsiniz.<\/p>\n<h2>\u0130talyanca Meyveler ve T\u00fcrk\u00e7e Anlamlar\u0131<\/h2>\n<p>\u0130talya&#8217;da \u00f6zellikle yaz aylar\u0131nda meyve sebze \u00e7e\u015fitleri olduk\u00e7a zengindir. Meyveler genellikle yaz aylar\u0131nda t\u00fcketilir , ayr\u0131ca meyve suyu olarak i\u00e7ilebilir veya dondurulmu\u015f olarak saklanabilir.<\/p>\n<ul>\n<li>l&#8217;arancia = Portakal<\/li>\n<li>la mela = Elma<\/li>\n<li>la pesca = \u015eeftali<\/li>\n<li>il limone = Limon<\/li>\n<li>la banana = Muz<\/li>\n<li>il pomodoro = Domates<\/li>\n<li>la pera = Armut<\/li>\n<li>l&#8217;acino d&#8217;uva = \u00dcz\u00fcm<\/li>\n<li>il pompelmo = Greyfurt<\/li>\n<li>la fragola = \u00c7ilek<\/li>\n<li>il melone giallo = Kavun<\/li>\n<li>l&#8217;anguria = Karpuz<\/li>\n<li>l&#8217;ananas = Ananas<\/li>\n<li>l&#8217;albicocca = Kay\u0131s\u0131<\/li>\n<li>la prugna = Erik<\/li>\n<li>la ciliegia = Kiraz<\/li>\n<li>il lime = Misket limonu<\/li>\n<li>il mirtillo = Yaban mersini<\/li>\n<li>il lampone = Ahududu<\/li>\n<li>l&#8217;avocado = Avokado<\/li>\n<li>la mora = B\u00f6\u011f\u00fcrtlen<\/li>\n<li>il ribes = Frenk \u00fcz\u00fcm\u00fc<\/li>\n<li>il fico = \u0130ncir<\/li>\n<li>il kiwi = Kivi<\/li>\n<li>il mirtillo rosso = K\u0131z\u0131lc\u0131k<\/li>\n<li>il dattero = Hurma<\/li>\n<li>il cocco = Hindistan cevizi<\/li>\n<li>la frutta secca = Kurutulmu\u015f meyve<\/li>\n<li>la buccia = Meyve kabu\u011fu<\/li>\n<li>la macedonia = Meyve salatas\u0131<\/li>\n<li>il frullato = Meyveli buzlu i\u00e7ecek<\/li>\n<\/ul>\n<h2>\u0130talyanca Meyveler \u0130le \u0130lgili \u00d6rnek C\u00fcmleler<\/h2>\n<ol>\n<li>&#8220;La frutta fresca in Italia \u00e8 deliziosa, come le pesche, le fragole e le pere.&#8221; T\u00fcrk\u00e7e anlam\u0131: \u0130talya&#8217;da taze meyveler lezzetlidir,\u00a0 \u015feftali, \u00e7ilek ve armut gibi.<\/li>\n<li>&#8220;Le mele sono una delle mie frutta preferite da mangiare in autunno.&#8221; T\u00fcrk\u00e7e anlam\u0131: Elmalar, yaz\u0131n yedi\u011fim meyvelerden biridir.<\/li>\n<li>&#8220;In estate, amo mangiare anguria e melone per rinfrescarmi.&#8221; T\u00fcrk\u00e7e anlam\u0131: Yaz\u0131n, serinlemek i\u00e7in karpuz ve kavun yemeyi seviyorum.<\/li>\n<li>&#8220;In Italia ci sono molte variet\u00e0 di ciliegie, come quelle nere e quelle rosse.&#8221; T\u00fcrk\u00e7e anlam\u0131: \u0130talya&#8217;da kirazlar\u0131n bir\u00e7ok \u00e7e\u015fidi var, siyah ve k\u0131rm\u0131z\u0131 gibi<\/li>\n<\/ol>\n<h2>\u0130talyada Meyvecilik<\/h2>\n<p>\u0130talya, meyve yeti\u015ftiricili\u011fi a\u00e7\u0131s\u0131ndan olduk\u00e7a zengin bir \u00fclkedir. \u0130talya&#8217;da \u00f6zellikle elma, \u015feftali, armut, \u00fcz\u00fcm, kiraz, limon, portakal, greyfurt, kavun, incir, muz, kiwi, ahududu, dikenli \u00fcz\u00fcm, erik, hurma gibi meyveler \u00fcretilir. \u00dclkenin g\u00fcneyinde daha s\u0131cak iklim nedeniyle tropikal meyveler de yeti\u015ftirilir.<\/p>\n<p>\u0130talya&#8217;da meyve yeti\u015ftiricili\u011fi genellikle k\u00fc\u00e7\u00fck \u00f6l\u00e7ekli i\u015fletmeler taraf\u0131ndan yap\u0131l\u0131r. Bu i\u015fletmeler genellikle aile i\u015fletmeleridir ve \u00e7iftlikler genellikle b\u00f6lgesel olarak \u00fcretim yaparlar. Bu nedenle, \u0130talya&#8217;da meyve \u00fcretimi b\u00f6lgesel olarak de\u011fi\u015febilir ve \u00fclkenin farkl\u0131 b\u00f6lgelerinde farkl\u0131 meyve t\u00fcrleri yeti\u015ftirilir.<\/p>\n<p>\u0130talya, \u00fcz\u00fcm yeti\u015ftiricili\u011fi a\u00e7\u0131s\u0131ndan \u00f6nemli bir \u00fclkedir. \u00dclkenin baz\u0131 b\u00f6lgelerinde \u00fcz\u00fcm yeti\u015ftiricili\u011fi \u00f6nemli bir ekonomik sekt\u00f6r haline gelmi\u015ftir. \u00d6zellikle <a href=\"https:\/\/www.italia.it\/it\/toscana\" target=\"_blank\" rel=\"noopener\">Toscana<\/a>, Piemonte, Veneto gibi b\u00f6lgeler, \u00fcnl\u00fc \u015faraplar\u0131n \u00fcretildi\u011fi b\u00f6lgelerdir. \u0130talya, d\u00fcnya genelinde \u00fcnl\u00fc \u015faraplar\u0131n \u00fcretiminde \u00f6nemli bir rol oynamaktad\u0131r.<\/p>\n<p>Sonu\u00e7 olarak, \u0130talya meyve yeti\u015ftiricili\u011fi a\u00e7\u0131s\u0131ndan olduk\u00e7a zengin bir \u00fclkedir. \u00dclkede yerli meyve \u00e7e\u015fitleri ve \u00f6zellikle \u00fcz\u00fcm yeti\u015ftiricili\u011fi \u00f6nemli bir ekonomik sekt\u00f6r haline gelmi\u015ftir.<\/p>\n<p>&nbsp;<\/p>\n<p><strong>\u0130talyanca Meyveler<\/strong> konusunu ak\u0131lda kal\u0131c\u0131 bir \u015fekilde \u00f6\u011frenmek i\u00e7in sizlere tavsiyemiz g\u00fcnl\u00fck olarak bir ka\u011f\u0131da not alman\u0131z olacakt\u0131r. Yani haf\u0131zam\u0131za iyice yerle\u015fene kadar g\u00fcnl\u00fck kar\u015f\u0131la\u015ft\u0131\u011f\u0131m\u0131z meyve isimlerini bir ka\u011f\u0131da 3, 5, 10 tekrar halinde yazarsak bu \u015fekilde <em><strong>\u0130talyanca Meyvelerin<\/strong><\/em> \u00f6\u011frenim s\u00fcrecimiz h\u0131zlanm\u0131\u015f olur.<\/p>\n<blockquote class=\"wp-block-quote\"><p><em><br \/>\n\u0130talyanca Sebzeler ve T\u00fcrk\u00e7e Anlamlar\u0131 konusuna a\u015fa\u011f\u0131daki ba\u011flant\u0131 \u00fczerinden eri\u015fim sa\u011flayabilirsiniz.<br \/>\n<a href=\"https:\/\/almanca.com.tr\/blog\/italyanca-sebzeler\/\">\u0130talyanca Sebzeler<\/a><br \/>\n<\/em><\/p><\/blockquote>\n<hr \/>\n","protected":false},"excerpt":{"rendered":"<p>\u0130talyanca Meyveler: \u0130talyanca&#8217;da meyve kelimesi &#8220;la frutta&#8221; olarak yaz\u0131l\u0131r ve tan\u0131mlan\u0131r. \u00d6rne\u011fin, &#8220;Compro frutta al mercato&#8221; (pazar&#8217;da meyve al\u0131yorum) gibi c\u00fcmlelerde &#8220;la frutta&#8221;\u00a0 kelimesini kulanabilirsiniz. \u0130talyanca Meyveler ve T\u00fcrk\u00e7e Anlamlar\u0131 \u0130talya&#8217;da \u00f6zellikle yaz &#8230; <\/p>\n<p class=\"read-more-container\"><a title=\"\u0130talyanca Meyveler\" class=\"read-more button\" href=\"https:\/\/almanca.com.tr\/blog\/italyanca-meyveler\/#more-2660\" aria-label=\"Read more about \u0130talyanca Meyveler\">Devam\u0131n\u0131 Oku<\/a><\/p>\n","protected":false},"author":1,"featured_media":2661,"comment_status":"open","ping_status":"open","sticky":false,"template":"","format":"standard","meta":{"footnotes":""},"categories":[7],"tags":[],"class_list":["post-2660","post","type-post","status-publish","format-standard","has-post-thumbnail","hentry","category-italyanca-konu-anlatimlari"],"views":4599,"_links":{"self":[{"href":"https:\/\/almanca.com.tr\/blog\/wp-json\/wp\/v2\/posts\/2660","targetHints":{"allow":["GET"]}}],"collection":[{"href":"https:\/\/almanca.com.tr\/blog\/wp-json\/wp\/v2\/posts"}],"about":[{"href":"https:\/\/almanca.com.tr\/blog\/wp-json\/wp\/v2\/types\/post"}],"author":[{"embeddable":true,"href":"https:\/\/almanca.com.tr\/blog\/wp-json\/wp\/v2\/users\/1"}],"replies":[{"embeddable":true,"href":"https:\/\/almanca.com.tr\/blog\/wp-json\/wp\/v2\/comments?post=2660"}],"version-history":[{"count":0,"href":"https:\/\/almanca.com.tr\/blog\/wp-json\/wp\/v2\/posts\/2660\/revisions"}],"wp:featuredmedia":[{"embeddable":true,"href":"https:\/\/almanca.com.tr\/blog\/wp-json\/wp\/v2\/media\/2661"}],"wp:attachment":[{"href":"https:\/\/almanca.com.tr\/blog\/wp-json\/wp\/v2\/media?parent=2660"}],"wp:term":[{"taxonomy":"category","embeddable":true,"href":"https:\/\/almanca.com.tr\/blog\/wp-json\/wp\/v2\/categories?post=2660"},{"taxonomy":"post_tag","embeddable":true,"href":"https:\/\/almanca.com.tr\/blog\/wp-json\/wp\/v2\/tags?post=2660"}],"curies":[{"name":"wp","href":"https:\/\/api.w.org\/{rel}","templated":true}]}}