{"id":276,"date":"2022-07-12T18:41:35","date_gmt":"2022-07-12T15:41:35","guid":{"rendered":"https:\/\/almanca.com.tr\/blog\/?p=276"},"modified":"2022-09-19T17:43:31","modified_gmt":"2022-09-19T14:43:31","slug":"kopek-baliklari-hakkinda-10-sasirtici-bilgi","status":"publish","type":"post","link":"https:\/\/almanca.com.tr\/blog\/kopek-baliklari-hakkinda-10-sasirtici-bilgi\/","title":{"rendered":"K\u00f6pek Bal\u0131klar\u0131 Hakk\u0131nda 10 \u015ea\u015f\u0131rt\u0131c\u0131 Bilgi"},"content":{"rendered":"<p>K\u00f6pek bal\u0131klar\u0131n\u0131n b\u00fcy\u00fckl\u00fc\u011f\u00fcn\u00fc hepimiz g\u00f6rmesek de ne derece devasa oldu\u011funu biliyoruz.400 milyondan fazla y\u0131ld\u0131r okyanuslarda h\u00fck\u00fcm s\u00fcren bu devasa katiller hakk\u0131nda sizi hayretler i\u00e7inde b\u0131rakacak bilgilerden bahsedece\u011fiz.Dilerseniz hemen ge\u00e7elim.<\/p>\n<hr \/>\n<h2>Renk K\u00f6r\u00fc Olmas\u0131na Kar\u015f\u0131n G\u00f6rme Yetenekleri \u0130yidir<\/h2>\n<figure id=\"attachment_277\" aria-describedby=\"caption-attachment-277\" style=\"width: 502px\" class=\"wp-caption alignnone\"><img loading=\"lazy\" decoding=\"async\" class=\"size-full wp-image-277\" title=\"Kopek Baligi Gorme\" src=\"https:\/\/almanca.com.tr\/blog\/wp-content\/uploads\/2022\/07\/Kopek-Baligi-Gorme.jpg\" alt=\"Kopek Baligi Gorme\" width=\"512\" height=\"512\" srcset=\"https:\/\/almanca.com.tr\/blog\/wp-content\/uploads\/2022\/07\/Kopek-Baligi-Gorme.jpg 512w, https:\/\/almanca.com.tr\/blog\/wp-content\/uploads\/2022\/07\/Kopek-Baligi-Gorme-50x50.jpg 50w, https:\/\/almanca.com.tr\/blog\/wp-content\/uploads\/2022\/07\/Kopek-Baligi-Gorme-120x120.jpg 120w\" sizes=\"auto, (max-width: 512px) 100vw, 512px\" \/><figcaption id=\"caption-attachment-277\" class=\"wp-caption-text\">Renk K\u00f6r\u00fc Olmas\u0131na Kar\u015f\u0131n G\u00f6rme Yetenekleri \u0130yidir<\/figcaption><\/figure>\n<p>Bilim adamlar\u0131na g\u00f6re k\u00f6pek bal\u0131klar\u0131n\u0131n renk k\u00f6r\u00fc olma olas\u0131l\u0131\u011f\u0131 vard\u0131r.Buna ra\u011fmen g\u00f6z k\u00fcrelerinin arkas\u0131nda tapetum ad\u0131 verilen yans\u0131t\u0131c\u0131 bir doku sayesinde iyi g\u00f6r\u00fcrler.Ayn\u0131 zamanda ba\u015flar\u0131n\u0131n yan\u0131nda bulunan g\u00f6zleri ile \u00e7o\u011fu k\u00f6pek bal\u0131\u011f\u0131 iyi birer gece g\u00f6r\u00fc\u015f\u00e7\u00fcs\u00fcd\u00fcr.<\/p>\n<hr \/>\n<h2>K\u00f6pek Bal\u0131klar\u0131n\u0131n Alt\u0131nc\u0131 Hisleri Kuvvetlidir<\/h2>\n<figure id=\"attachment_278\" aria-describedby=\"caption-attachment-278\" style=\"width: 502px\" class=\"wp-caption alignnone\"><img loading=\"lazy\" decoding=\"async\" class=\"size-full wp-image-278\" title=\"Kopek Baliklarinin Altinci Hissi\" src=\"https:\/\/almanca.com.tr\/blog\/wp-content\/uploads\/2022\/07\/Kopek-Baliklarinin-Altinci-Hissi.jpg\" alt=\"Kopek Baliklarinin Altinci Hissi\" width=\"512\" height=\"512\" srcset=\"https:\/\/almanca.com.tr\/blog\/wp-content\/uploads\/2022\/07\/Kopek-Baliklarinin-Altinci-Hissi.jpg 512w, https:\/\/almanca.com.tr\/blog\/wp-content\/uploads\/2022\/07\/Kopek-Baliklarinin-Altinci-Hissi-50x50.jpg 50w, https:\/\/almanca.com.tr\/blog\/wp-content\/uploads\/2022\/07\/Kopek-Baliklarinin-Altinci-Hissi-120x120.jpg 120w\" sizes=\"auto, (max-width: 512px) 100vw, 512px\" \/><figcaption id=\"caption-attachment-278\" class=\"wp-caption-text\">K\u00f6pek Bal\u0131klar\u0131n\u0131n Alt\u0131nc\u0131 Hisleri Kuvvetlidir<\/figcaption><\/figure>\n<p>K\u00f6pek bal\u0131klar\u0131n\u0131n burun,g\u00f6z ve a\u011f\u0131z yak\u0131nlar\u0131nda k\u00fc\u00e7\u00fck siyah lekeleri vard\u0131r.Bunlar okyanustaki elektromanyetik alan\u0131,titre\u015fimleri ve s\u0131cakl\u0131k de\u011fi\u015fimlerini alg\u0131lamas\u0131na yard\u0131mc\u0131 olur.(Lorenzi\u2019nin Ampullalar\u0131)<\/p>\n<hr \/>\n<h2>K\u00f6pek Bal\u0131klar\u0131n\u0131n Kemikleri Yoktur<\/h2>\n<figure id=\"attachment_279\" aria-describedby=\"caption-attachment-279\" style=\"width: 502px\" class=\"wp-caption alignnone\"><img loading=\"lazy\" decoding=\"async\" class=\"size-full wp-image-279\" title=\"Kopek Baliklarinin Kemikleri Yoktur\" src=\"https:\/\/almanca.com.tr\/blog\/wp-content\/uploads\/2022\/07\/Kopek-Baliklarinin-Kemikleri-Yoktur.jpg\" alt=\"Kopek Baliklarinin Kemikleri Yoktur\" width=\"512\" height=\"512\" srcset=\"https:\/\/almanca.com.tr\/blog\/wp-content\/uploads\/2022\/07\/Kopek-Baliklarinin-Kemikleri-Yoktur.jpg 512w, https:\/\/almanca.com.tr\/blog\/wp-content\/uploads\/2022\/07\/Kopek-Baliklarinin-Kemikleri-Yoktur-50x50.jpg 50w, https:\/\/almanca.com.tr\/blog\/wp-content\/uploads\/2022\/07\/Kopek-Baliklarinin-Kemikleri-Yoktur-120x120.jpg 120w\" sizes=\"auto, (max-width: 512px) 100vw, 512px\" \/><figcaption id=\"caption-attachment-279\" class=\"wp-caption-text\">K\u00f6pek Bal\u0131klar\u0131n\u0131n Kemikleri Yoktur<\/figcaption><\/figure>\n<p>K\u00f6pek bal\u0131klar\u0131nda bir\u00e7ok bal\u0131k \u00e7e\u015fidinin aksine kemik bulunmaz.T\u00fcm iskelet yap\u0131s\u0131 k\u0131k\u0131rdaktan olu\u015fur.<\/p>\n<hr \/>\n<h2>Milyon Y\u0131ll\u0131k Yolculuk<\/h2>\n<figure id=\"attachment_280\" aria-describedby=\"caption-attachment-280\" style=\"width: 502px\" class=\"wp-caption alignnone\"><img loading=\"lazy\" decoding=\"async\" class=\"size-full wp-image-280\" title=\"Kopek Baliklari Milyon Yillik Yolculuk\" src=\"https:\/\/almanca.com.tr\/blog\/wp-content\/uploads\/2022\/07\/Kopek-Baliklari-Milyon-Yillik-Yolculuk.jpg\" alt=\"Kopek Baliklari Milyon Yillik Yolculuk\" width=\"512\" height=\"512\" srcset=\"https:\/\/almanca.com.tr\/blog\/wp-content\/uploads\/2022\/07\/Kopek-Baliklari-Milyon-Yillik-Yolculuk.jpg 512w, https:\/\/almanca.com.tr\/blog\/wp-content\/uploads\/2022\/07\/Kopek-Baliklari-Milyon-Yillik-Yolculuk-50x50.jpg 50w, https:\/\/almanca.com.tr\/blog\/wp-content\/uploads\/2022\/07\/Kopek-Baliklari-Milyon-Yillik-Yolculuk-120x120.jpg 120w\" sizes=\"auto, (max-width: 512px) 100vw, 512px\" \/><figcaption id=\"caption-attachment-280\" class=\"wp-caption-text\">Milyon Y\u0131ll\u0131k Yolculuk<\/figcaption><\/figure>\n<p>Bilim adamlar\u0131n\u0131n yapt\u0131\u011f\u0131 ara\u015ft\u0131rmalara g\u00f6re k\u00f6pek bal\u0131klar\u0131n\u0131n 400+ milyon y\u0131l \u00f6nce ortaya \u00e7\u0131kt\u0131\u011f\u0131 varsay\u0131l\u0131yor.<\/p>\n<hr \/>\n<h2>\u0130nsan Eli B\u00fcy\u00fckl\u00fc\u011f\u00fcnde K\u00f6pek Bal\u0131\u011f\u0131<\/h2>\n<figure id=\"attachment_281\" aria-describedby=\"caption-attachment-281\" style=\"width: 502px\" class=\"wp-caption alignnone\"><img loading=\"lazy\" decoding=\"async\" class=\"size-full wp-image-281\" title=\"insan Eli Buyuklugunde Kopek Baligi\" src=\"https:\/\/almanca.com.tr\/blog\/wp-content\/uploads\/2022\/07\/insan-Eli-Buyuklugunde-Kopek-Baligi.jpg\" alt=\"insan Eli Buyuklugunde Kopek Baligi\" width=\"512\" height=\"512\" srcset=\"https:\/\/almanca.com.tr\/blog\/wp-content\/uploads\/2022\/07\/insan-Eli-Buyuklugunde-Kopek-Baligi.jpg 512w, https:\/\/almanca.com.tr\/blog\/wp-content\/uploads\/2022\/07\/insan-Eli-Buyuklugunde-Kopek-Baligi-50x50.jpg 50w, https:\/\/almanca.com.tr\/blog\/wp-content\/uploads\/2022\/07\/insan-Eli-Buyuklugunde-Kopek-Baligi-120x120.jpg 120w\" sizes=\"auto, (max-width: 512px) 100vw, 512px\" \/><figcaption id=\"caption-attachment-281\" class=\"wp-caption-text\">\u0130nsan Eli B\u00fcy\u00fckl\u00fc\u011f\u00fcnde K\u00f6pek Bal\u0131\u011f\u0131<\/figcaption><\/figure>\n<p>K\u00f6pek bal\u0131klar\u0131n\u0131n yakla\u015f\u0131k 500 t\u00fcr\u00fc bulunmaktad\u0131r ve bunlar\u0131n 143\u2019\u00fc tehdit alt\u0131ndad\u0131r.Bu t\u00fcrler aras\u0131nda yer alan C\u00fcce Fener K\u00f6pek Bal\u0131\u011f\u0131 neredeyse yeti\u015fkin bir insan\u0131n eli b\u00fcy\u00fckl\u00fc\u011f\u00fcndedir.(Yakla\u015f\u0131k 35-40 cm)<\/p>\n<hr \/>\n<h2>Okyanuslar\u0131n Hakimi<\/h2>\n<figure id=\"attachment_282\" aria-describedby=\"caption-attachment-282\" style=\"width: 502px\" class=\"wp-caption alignnone\"><img loading=\"lazy\" decoding=\"async\" class=\"size-full wp-image-282\" title=\"Okyanuslarin Hakimi Megalodon\" src=\"https:\/\/almanca.com.tr\/blog\/wp-content\/uploads\/2022\/07\/Okyanuslarin-Hakimi-Megalodon.jpg\" alt=\"Okyanuslarin Hakimi Megalodon\" width=\"512\" height=\"512\" srcset=\"https:\/\/almanca.com.tr\/blog\/wp-content\/uploads\/2022\/07\/Okyanuslarin-Hakimi-Megalodon.jpg 512w, https:\/\/almanca.com.tr\/blog\/wp-content\/uploads\/2022\/07\/Okyanuslarin-Hakimi-Megalodon-50x50.jpg 50w, https:\/\/almanca.com.tr\/blog\/wp-content\/uploads\/2022\/07\/Okyanuslarin-Hakimi-Megalodon-120x120.jpg 120w\" sizes=\"auto, (max-width: 512px) 100vw, 512px\" \/><figcaption id=\"caption-attachment-282\" class=\"wp-caption-text\">Okyanuslar\u0131n Hakimi<\/figcaption><\/figure>\n<p>En k\u00fc\u00e7\u00fck <a href=\"https:\/\/www.fisheries.noaa.gov\/feature-story\/12-shark-facts-may-surprise-you\" target=\"_blank\" rel=\"noopener\">k\u00f6pek bal\u0131\u011f\u0131ndan<\/a> bahsetmi\u015fken en b\u00fcy\u00fc\u011f\u00fc k\u00f6pek bal\u0131\u011f\u0131 olan Balina K\u00f6pek Bal\u0131\u011f\u0131\u2019ndan bahsetmezsek haks\u0131zl\u0131k etmi\u015f oluruz.Balina K\u00f6pek Bal\u0131\u011f\u0131\u2019n\u0131n boyu 14 metreye kadar ula\u015fabilmekle birlikte yakla\u015f\u0131k a\u011f\u0131rl\u0131\u011f\u0131 36 tondur.<\/p>\n<p>Ya\u015fam\u0131\u015f en b\u00fcy\u00fck t\u00fcr\u00fc ise 15-16 metre uzunlu\u011fundaki Megalodon\u2019du.16 milyon y\u0131ld\u0131r yoklar neyseki.<\/p>\n<hr \/>\n<h2>K\u00f6pek Bal\u0131\u011f\u0131n\u0131n Derisi Z\u0131mpara Ka\u011f\u0131d\u0131na Benzer<\/h2>\n<figure id=\"attachment_283\" aria-describedby=\"caption-attachment-283\" style=\"width: 502px\" class=\"wp-caption alignnone\"><img loading=\"lazy\" decoding=\"async\" class=\"size-full wp-image-283\" title=\"Kopek Baliginin Derisi\" src=\"https:\/\/almanca.com.tr\/blog\/wp-content\/uploads\/2022\/07\/Kopek-Baliginin-Derisi.jpg\" alt=\"Kopek Baliginin Derisi\" width=\"512\" height=\"512\" srcset=\"https:\/\/almanca.com.tr\/blog\/wp-content\/uploads\/2022\/07\/Kopek-Baliginin-Derisi.jpg 512w, https:\/\/almanca.com.tr\/blog\/wp-content\/uploads\/2022\/07\/Kopek-Baliginin-Derisi-50x50.jpg 50w, https:\/\/almanca.com.tr\/blog\/wp-content\/uploads\/2022\/07\/Kopek-Baliginin-Derisi-120x120.jpg 120w\" sizes=\"auto, (max-width: 512px) 100vw, 512px\" \/><figcaption id=\"caption-attachment-283\" class=\"wp-caption-text\">K\u00f6pek Bal\u0131\u011f\u0131n\u0131n Derisi Z\u0131mpara Ka\u011f\u0131d\u0131na Benzer<\/figcaption><\/figure>\n<p>K\u00f6pek bal\u0131klar\u0131n\u0131n cildi tam olarak z\u0131mpara ka\u011f\u0131d\u0131na benzemektedir ve hissiyat\u0131 da z\u0131mpara ka\u011f\u0131d\u0131ndan farks\u0131zd\u0131r. Ayr\u0131ca k\u00f6pek bal\u0131klar\u0131n\u0131n ciltleri plakoid \u00f6l\u00e7e\u011fi ad\u0131 verilen k\u00fc\u00e7\u00fck di\u015f benzeri yap\u0131lardan olu\u015fur. Bu \u00f6l\u00e7ekler kuyru\u011funu her sallad\u0131\u011f\u0131nda, \u00e7evredeki sudan kaynaklanan s\u00fcrt\u00fcnmeyi azaltmaya yard\u0131mc\u0131 olur.<\/p>\n<hr \/>\n<h2>K\u00f6pek Bal\u0131klar\u0131n\u0131n Ya\u015f\u0131 Omurlar\u0131ndaki Halkalar Say\u0131larak \u00d6\u011frenilir<\/h2>\n<p><img loading=\"lazy\" decoding=\"async\" class=\"size-full wp-image-284\" title=\"Kopek Baliklarinin Yasi\" src=\"https:\/\/almanca.com.tr\/blog\/wp-content\/uploads\/2022\/07\/Kopek-Baliklarinin-Yasi.jpg\" alt=\"Kopek Baliklarinin Yasi\" width=\"512\" height=\"512\" srcset=\"https:\/\/almanca.com.tr\/blog\/wp-content\/uploads\/2022\/07\/Kopek-Baliklarinin-Yasi.jpg 512w, https:\/\/almanca.com.tr\/blog\/wp-content\/uploads\/2022\/07\/Kopek-Baliklarinin-Yasi-50x50.jpg 50w, https:\/\/almanca.com.tr\/blog\/wp-content\/uploads\/2022\/07\/Kopek-Baliklarinin-Yasi-120x120.jpg 120w\" sizes=\"auto, (max-width: 512px) 100vw, 512px\" \/><\/p>\n<p>Omurlar e\u015f merkezli opak ve yar\u0131 saydam bant \u00e7iftleri i\u00e7erir. Bant \u00e7iftleri bir a\u011fa\u00e7taki halkalar gibi say\u0131l\u0131r ve daha sonra bilim adamlar\u0131 say\u0131ya g\u00f6re k\u00f6pek bal\u0131klar\u0131na bir ya\u015f atarlar. Bu nedenle, omurlarda 10 bant \u00e7ifti varsa, 10 ya\u015f\u0131nda oldu\u011fu varsay\u0131l\u0131r. Ancak son yap\u0131lan \u00e7al\u0131\u015fmalar bu varsay\u0131m\u0131n her zaman do\u011fru olmad\u0131\u011f\u0131n\u0131 g\u00f6stermi\u015ftir.<\/p>\n<hr \/>\n<h2>Avc\u0131 Oldu\u011fu Kadar Av<\/h2>\n<p>K\u00f6pek Bal\u0131klar\u0131n\u0131n Ya\u015f\u0131 Omurlar\u0131ndaki Halkalar Say\u0131larak \u00d6\u011frenilir<\/p>\n<figure id=\"attachment_286\" aria-describedby=\"caption-attachment-286\" style=\"width: 502px\" class=\"wp-caption alignnone\"><img loading=\"lazy\" decoding=\"async\" class=\"size-full wp-image-286\" title=\"Kopek Baliklari Avci Olduklari Kadar Av\" src=\"https:\/\/almanca.com.tr\/blog\/wp-content\/uploads\/2022\/07\/Kopek-Baliklari-Avci-Olduklari-Kadar-Av.jpg\" alt=\"Kopek Baliklari Avci Olduklari Kadar Av\" width=\"512\" height=\"512\" srcset=\"https:\/\/almanca.com.tr\/blog\/wp-content\/uploads\/2022\/07\/Kopek-Baliklari-Avci-Olduklari-Kadar-Av.jpg 512w, https:\/\/almanca.com.tr\/blog\/wp-content\/uploads\/2022\/07\/Kopek-Baliklari-Avci-Olduklari-Kadar-Av-50x50.jpg 50w, https:\/\/almanca.com.tr\/blog\/wp-content\/uploads\/2022\/07\/Kopek-Baliklari-Avci-Olduklari-Kadar-Av-120x120.jpg 120w\" sizes=\"auto, (max-width: 512px) 100vw, 512px\" \/><figcaption id=\"caption-attachment-286\" class=\"wp-caption-text\">Avc\u0131 Oldu\u011fu Kadar Av<\/figcaption><\/figure>\n<p>K\u00f6pek bal\u0131klar\u0131 her ne kadar okyanuslar\u0131n tehlikeli avc\u0131lar\u0131 olsa da av da olabiliyorlar.Katil balinalar,timsahlar veya daha b\u00fcy\u00fck k\u00f6pek bal\u0131klar\u0131 gibi\u2026Ancak hi\u00e7bir canl\u0131 insan kadar tehlikeli de\u011fildir.Kanada\u2019n\u0131n Halifax kentinde bulunan Dalhousie \u00dcniversitesi\u2019ndeki ara\u015ft\u0131rmac\u0131lara g\u00f6re her y\u0131l 100 milyon k\u00f6pek bal\u0131\u011f\u0131 insanlar taraf\u0131ndan \u00f6ld\u00fcr\u00fcl\u00fcyor.Buna ra\u011fmen k\u00f6pek bal\u0131\u011f\u0131 taraf\u0131ndan bir insan\u0131n \u00f6lme olas\u0131l\u0131\u011f\u0131,havai fi\u015fek ya da y\u0131ld\u0131r\u0131mdan \u00f6lme olas\u0131l\u0131\u011f\u0131ndan daha azd\u0131r.<\/p>\n<hr \/>\n<h2>Devasa Mide Devasa Beslenme Gerektirir<\/h2>\n<figure id=\"attachment_285\" aria-describedby=\"caption-attachment-285\" style=\"width: 502px\" class=\"wp-caption alignnone\"><img loading=\"lazy\" decoding=\"async\" class=\"size-full wp-image-285\" title=\"Kopek Baliklari Devasa Mide Devasa Beslenme Grektirir\" src=\"https:\/\/almanca.com.tr\/blog\/wp-content\/uploads\/2022\/07\/Kopek-Baliklari-Devasa-Mide-Devasa-Beslenme-Grektirir.jpg\" alt=\"Kopek Baliklari Devasa Mide Devasa Beslenme Grektirir\" width=\"512\" height=\"512\" srcset=\"https:\/\/almanca.com.tr\/blog\/wp-content\/uploads\/2022\/07\/Kopek-Baliklari-Devasa-Mide-Devasa-Beslenme-Grektirir.jpg 512w, https:\/\/almanca.com.tr\/blog\/wp-content\/uploads\/2022\/07\/Kopek-Baliklari-Devasa-Mide-Devasa-Beslenme-Grektirir-50x50.jpg 50w, https:\/\/almanca.com.tr\/blog\/wp-content\/uploads\/2022\/07\/Kopek-Baliklari-Devasa-Mide-Devasa-Beslenme-Grektirir-120x120.jpg 120w\" sizes=\"auto, (max-width: 512px) 100vw, 512px\" \/><figcaption id=\"caption-attachment-285\" class=\"wp-caption-text\">Devasa Mide Devasa Beslenme Gerektirir<\/figcaption><\/figure>\n<p>B\u00fcy\u00fck Beyaz K\u00f6pek Bal\u0131klar\u0131 y\u0131lda yakla\u015f\u0131k 11 ton yiyecek yiyor.Bir insan\u0131n y\u0131lda yakla\u015f\u0131k yar\u0131m ton yedi\u011fi d\u00fc\u015f\u00fcn\u00fcl\u00fcrse aradaki fark\u0131n devasa oldu\u011fu netlik kazan\u0131yor.Tabi \u00fc\u00e7 ay yemeden ya\u015fayabildikleri de ba\u015fka bir ger\u00e7ek.<\/p>\n<blockquote class=\"wp-block-quote\"><p><em><a href=\"https:\/\/almanca.com.tr\/blog\/dijital-pazarlama\/\">Dijital Pazarlama Nedir? Dijital Pazarlama Nas\u0131l Yap\u0131l\u0131r?<\/a><\/em><\/p><\/blockquote>\n","protected":false},"excerpt":{"rendered":"<p>K\u00f6pek bal\u0131klar\u0131n\u0131n b\u00fcy\u00fckl\u00fc\u011f\u00fcn\u00fc hepimiz g\u00f6rmesek de ne derece devasa oldu\u011funu biliyoruz.400 milyondan fazla y\u0131ld\u0131r okyanuslarda h\u00fck\u00fcm s\u00fcren bu devasa katiller hakk\u0131nda sizi hayretler i\u00e7inde b\u0131rakacak bilgilerden bahsedece\u011fiz.Dilerseniz hemen ge\u00e7elim. Renk K\u00f6r\u00fc Olmas\u0131na Kar\u015f\u0131n &#8230; <\/p>\n<p class=\"read-more-container\"><a title=\"K\u00f6pek Bal\u0131klar\u0131 Hakk\u0131nda 10 \u015ea\u015f\u0131rt\u0131c\u0131 Bilgi\" class=\"read-more button\" href=\"https:\/\/almanca.com.tr\/blog\/kopek-baliklari-hakkinda-10-sasirtici-bilgi\/#more-276\" aria-label=\"Read more about K\u00f6pek Bal\u0131klar\u0131 Hakk\u0131nda 10 \u015ea\u015f\u0131rt\u0131c\u0131 Bilgi\">Devam\u0131n\u0131 Oku<\/a><\/p>\n","protected":false},"author":1,"featured_media":290,"comment_status":"open","ping_status":"open","sticky":false,"template":"","format":"standard","meta":{"footnotes":""},"categories":[1],"tags":[],"class_list":["post-276","post","type-post","status-publish","format-standard","has-post-thumbnail","hentry","category-genel"],"views":1466,"_links":{"self":[{"href":"https:\/\/almanca.com.tr\/blog\/wp-json\/wp\/v2\/posts\/276","targetHints":{"allow":["GET"]}}],"collection":[{"href":"https:\/\/almanca.com.tr\/blog\/wp-json\/wp\/v2\/posts"}],"about":[{"href":"https:\/\/almanca.com.tr\/blog\/wp-json\/wp\/v2\/types\/post"}],"author":[{"embeddable":true,"href":"https:\/\/almanca.com.tr\/blog\/wp-json\/wp\/v2\/users\/1"}],"replies":[{"embeddable":true,"href":"https:\/\/almanca.com.tr\/blog\/wp-json\/wp\/v2\/comments?post=276"}],"version-history":[{"count":0,"href":"https:\/\/almanca.com.tr\/blog\/wp-json\/wp\/v2\/posts\/276\/revisions"}],"wp:featuredmedia":[{"embeddable":true,"href":"https:\/\/almanca.com.tr\/blog\/wp-json\/wp\/v2\/media\/290"}],"wp:attachment":[{"href":"https:\/\/almanca.com.tr\/blog\/wp-json\/wp\/v2\/media?parent=276"}],"wp:term":[{"taxonomy":"category","embeddable":true,"href":"https:\/\/almanca.com.tr\/blog\/wp-json\/wp\/v2\/categories?post=276"},{"taxonomy":"post_tag","embeddable":true,"href":"https:\/\/almanca.com.tr\/blog\/wp-json\/wp\/v2\/tags?post=276"}],"curies":[{"name":"wp","href":"https:\/\/api.w.org\/{rel}","templated":true}]}}