{"id":2825,"date":"2022-03-25T03:43:00","date_gmt":"2022-03-25T00:43:00","guid":{"rendered":"https:\/\/petinya.com\/?p=708"},"modified":"2022-03-25T03:43:00","modified_gmt":"2022-03-25T00:43:00","slug":"italyanca-gunler","status":"publish","type":"post","link":"https:\/\/almanca.com.tr\/blog\/italyanca-gunler\/","title":{"rendered":"\u0130talyanca G\u00fcnler"},"content":{"rendered":"<p><strong>\u0130talyanca G\u00fcnler &#8211; I giorni della settimana <\/strong>Haftan\u0131n g\u00fcnleri di\u011fer dillerde oldu\u011fu gibi \u0130talyanca dilinde de yedi g\u00fcnden olu\u015fur.<\/p>\n<h2>\u0130talyanca G\u00fcnler ve T\u00fcrk\u00e7e Anlamlar\u0131<\/h2>\n<p>\u0130talyanca \u2018da haftan\u0131n g\u00fcnleri a\u015fa\u011f\u0131da ki \u015fekilde isimlendirilmektedir.<\/p>\n<ul>\n<li>Lunedi Pazartesi<\/li>\n<li>Martedi Sal\u0131<\/li>\n<li>Mercoledi \u00c7ar\u015famba<\/li>\n<li>Giovedi Per\u015fembe<\/li>\n<li>Venerdi Cuma<\/li>\n<li>Sabato Cumartesi<\/li>\n<li>Domenica Pazar<\/li>\n<\/ul>\n<h2>\u0130talyanca G\u00fcnler ve T\u00fcrk\u00e7e Okunu\u015flar\u0131<\/h2>\n<table style=\"height: 352px;\" width=\"520\">\n<tbody>\n<tr>\n<td><strong>G\u00dcNLER<\/strong><\/td>\n<td><strong>T\u00dcRK\u00c7E OKUNU\u015eU<\/strong><\/td>\n<td><strong>ANLAMI<\/strong><\/td>\n<\/tr>\n<tr>\n<td><strong>Lunedi<\/strong><\/td>\n<td>Lunedi<\/td>\n<td>Pazartesi<\/td>\n<\/tr>\n<tr>\n<td><strong>Martedi<\/strong><\/td>\n<td>Martedi<\/td>\n<td>Sal\u0131<\/td>\n<\/tr>\n<tr>\n<td><strong>Mercoledi<\/strong><\/td>\n<td>Merkoledi<\/td>\n<td>\u00c7ar\u015famba<\/td>\n<\/tr>\n<tr>\n<td><strong>Giovedi<\/strong><\/td>\n<td>Covedi<\/td>\n<td>Per\u015fembe<\/td>\n<\/tr>\n<tr>\n<td><strong>Venerdi<\/strong><\/td>\n<td>Venerdi<\/td>\n<td>Cuma<\/td>\n<\/tr>\n<tr>\n<td><strong>Sabato<\/strong><\/td>\n<td>Sabato<\/td>\n<td>Cumartesi<\/td>\n<\/tr>\n<tr>\n<td><strong>Domenica<\/strong><\/td>\n<td>Domenika<\/td>\n<td>Pazar<\/td>\n<\/tr>\n<\/tbody>\n<\/table>\n<h2><\/h2>\n<figure id=\"attachment_2642\" aria-describedby=\"caption-attachment-2642\" style=\"width: 1910px\" class=\"wp-caption alignnone\"><img loading=\"lazy\" decoding=\"async\" class=\"size-full wp-image-2642\" title=\"italyanca gunler ve turkce okunuslari\" src=\"https:\/\/almanca.com.tr\/blog\/wp-content\/uploads\/2022\/03\/italyanca-gunler-veturkce-okunuslari.jpg\" alt=\"italyanca gunler ve turkce okunuslari\" width=\"1920\" height=\"1080\" srcset=\"https:\/\/almanca.com.tr\/blog\/wp-content\/uploads\/2022\/03\/italyanca-gunler-veturkce-okunuslari.jpg 1920w, https:\/\/almanca.com.tr\/blog\/wp-content\/uploads\/2022\/03\/italyanca-gunler-veturkce-okunuslari-768x432.jpg 768w, https:\/\/almanca.com.tr\/blog\/wp-content\/uploads\/2022\/03\/italyanca-gunler-veturkce-okunuslari-1536x864.jpg 1536w\" sizes=\"auto, (max-width: 1920px) 100vw, 1920px\" \/><figcaption id=\"caption-attachment-2642\" class=\"wp-caption-text\">\u0130talyanca G\u00fcnler ve T\u00fcrk\u00e7e Okunu\u015flar<\/figcaption><\/figure>\n<h2><\/h2>\n<h2>\u0130talyanca G\u00fcn\u00fcn Zamanlar\u0131<\/h2>\n<p>\u0130talyanca \u2019da hafta sonu <strong>Finesettimana<\/strong> olarak adland\u0131r\u0131l\u0131r. Hafta i\u00e7i de <strong>nei giorni feriali<\/strong> (i\u015f g\u00fcnleri) olarak adland\u0131r\u0131l\u0131r.<\/p>\n<ul>\n<li>Oggi \u21dd\u00a0 Bug\u00fcn<\/li>\n<li>Domani \u21dd Yar\u0131n<\/li>\n<li>\u0130eri \u21dd\u00a0 D\u00fcn<\/li>\n<li>Giorno (i) \u21dd G\u00fcn(ler)<\/li>\n<li>Settimana (e) \u21dd \u00a0 Hafta (lar)<\/li>\n<li>Mattina \u21dd Sabah<\/li>\n<li>Alba \u21dd \u015eafak (G\u00fcn Do\u011fumu)<\/li>\n<li>Mezzogiorno \u21dd G\u00fcn Ortas\u0131 (12:00)<\/li>\n<li>Pomeriggio \u21dd \u00d6\u011fleden sonra<\/li>\n<li>Sera \u21dd Ak\u015fam<\/li>\n<li>Crepuscolo \u21dd Alacakaranl\u0131k<\/li>\n<li>Notte \u21dd Gece<\/li>\n<li>Mezzanotte \u21dd Gece Yar\u0131s\u0131<\/li>\n<li>La prossima settimana \u21dd Gelecek Hafta<\/li>\n<li>La scorsa settimana \u21dd Ge\u00e7en Hafta<\/li>\n<li>Dopodoman \u21dd Yar\u0131ndan sonraki g\u00fcn<\/li>\n<li>La scorsa notte \u21dd D\u00fcn ak\u015fam<\/li>\n<li>Stasera \u21dd Bu ak\u015fam<\/li>\n<li>Domani sera \u21dd Yar\u0131n ak\u015fam<\/li>\n<li>Alla mattina \u21dd Sabahleyin<\/li>\n<li>Al pomeriggio \u21dd \u00d6\u011fleden sonra<\/li>\n<li>Alla sera \u21dd Ak\u015famleyin<\/li>\n<li>Ieri mattina \u21dd D\u00fcn sabah<\/li>\n<li>Ieri pomeriggio \u21dd D\u00fcn \u00f6\u011fleden sonra<\/li>\n<li>Ieri sera \u21dd D\u00fcn ak\u015fam<\/li>\n<li>Stamattina \u21dd Bu sabah<\/li>\n<li>Questo pomeriggio \u21dd Bug\u00fcn \u00f6\u011fleden sonra<\/li>\n<li>Stasera \u21dd Bu ak\u015fam<\/li>\n<li>Domattina \u21dd Yar\u0131n sabah<\/li>\n<li>Domani pomeriggio \u21dd Yar\u0131n \u00f6\u011fleden sonra<\/li>\n<li>Domani sera \u21dd\u00a0 Yar\u0131n ak\u015fam<\/li>\n<li>Il giorno prima \u21dd\u00a0 Evvel ki g\u00fcn<\/li>\n<li>Adesso \u21dd \u015eimdi<\/li>\n<\/ul>\n<figure id=\"attachment_2643\" aria-describedby=\"caption-attachment-2643\" style=\"width: 1910px\" class=\"wp-caption alignnone\"><img loading=\"lazy\" decoding=\"async\" class=\"size-full wp-image-2643\" title=\"italyanca haftanin gunleri\" src=\"https:\/\/almanca.com.tr\/blog\/wp-content\/uploads\/2022\/03\/italyanca-haftanin-gunleri-1.jpg\" alt=\"italyanca haftanin gunleri \" width=\"1920\" height=\"1080\" srcset=\"https:\/\/almanca.com.tr\/blog\/wp-content\/uploads\/2022\/03\/italyanca-haftanin-gunleri-1.jpg 1920w, https:\/\/almanca.com.tr\/blog\/wp-content\/uploads\/2022\/03\/italyanca-haftanin-gunleri-1-768x432.jpg 768w, https:\/\/almanca.com.tr\/blog\/wp-content\/uploads\/2022\/03\/italyanca-haftanin-gunleri-1-1536x864.jpg 1536w\" sizes=\"auto, (max-width: 1920px) 100vw, 1920px\" \/><figcaption id=\"caption-attachment-2643\" class=\"wp-caption-text\">\u0130talyanca Haftan\u0131n G\u00fcnleri<\/figcaption><\/figure>\n<p>&nbsp;<\/p>\n<p>&nbsp;<\/p>\n<h3><strong>\u0130talyanca G\u00fcnler \u00d6rnek C\u00fcmleler<\/strong><\/h3>\n<p>A\u015fa\u011f\u0131da <a href=\"https:\/\/tr.wikipedia.org\/wiki\/%C4%B0talyanca#Baz%C4%B1_%C4%B0talyanca_kelimeler\" target=\"_blank\" rel=\"noopener\">\u0130talyanca<\/a> g\u00fcnler ile ilgili \u00f6rnek c\u00fcmleler verilmi\u015ftir.<\/p>\n<ol>\n<li>Ci vediamo Lunedi \u21dd Pazartesi G\u00f6r\u00fc\u015f\u00fcr\u00fcz<\/li>\n<li>Martedi vado a Genova \u21dd Sal\u0131 g\u00fcn\u00fc Cenova&#8217;ya gidiyorum<\/li>\n<li>Buon Mercoledi \u21dd \u0130yi \u00c7ar\u015fambalar<\/li>\n<li>A Giovedi \u21dd Per\u015fembe g\u00f6r\u00fc\u015fmek \u00fczere<\/li>\n<li>Il mio completeanno \u00e8 Venerdi \u21dd Do\u011fum g\u00fcn\u00fcm cuma<\/li>\n<li>Sabato non ho scuola \u21dd Cumartesi okulum yok<\/li>\n<li>Domenica mattina non lavoro \u21dd Pazar sabah\u0131 \u00e7al\u0131\u015fm\u0131yorum<\/li>\n<li>Domani vado in Roma per uno settimane \u21dd Yar\u0131n bir haftal\u0131\u011f\u0131na Roma&#8217;ya gidiyorum<\/li>\n<li>Ho vissuto in Milano per sette mesi \u21dd Milanoda &#8216;da yedi ay oturdum<\/li>\n<\/ol>\n<p>&nbsp;<\/p>\n<h2>\u0130talyanca G\u00fcnler Sesli<\/h2>\n<p>A\u015fa\u011f\u0131daki play butonuna basarak \u0130talyanca G\u00fcnleri sesli olarak dinleyebilirsiniz.<\/p>\n<h3><audio controls=\"controls\"><source src=\"https:\/\/almanca.com.tr\/blog\/audio\/italyanca-gunler\/italyanca-gunler-sesli.mp3\" type=\"audio\/mpeg\" \/><\/audio><\/h3>\n<p><strong>\u0130talyanca G\u00fcnler<\/strong> konusu \u00f6\u011frendiniz. \u0130talyancan\u0131z\u0131 geli\u015ftirmek i\u00e7in sitemizde yer alan di\u011fer konulara g\u00f6z atabilirsiniz. <a href=\"https:\/\/almanca.com.tr\/blog\/italyanca-sayilar\/\">\u0130talyanca Say\u0131lar<\/a> isimli konumuzu okuman\u0131z\u0131 tavsiye ediyoruz<\/p>\n","protected":false},"excerpt":{"rendered":"<p>\u0130talyanca G\u00fcnler &#8211; I giorni della settimana Haftan\u0131n g\u00fcnleri di\u011fer dillerde oldu\u011fu gibi \u0130talyanca dilinde de yedi g\u00fcnden olu\u015fur. \u0130talyanca G\u00fcnler ve T\u00fcrk\u00e7e Anlamlar\u0131 \u0130talyanca \u2018da haftan\u0131n g\u00fcnleri a\u015fa\u011f\u0131da ki \u015fekilde isimlendirilmektedir. Lunedi &#8230; <\/p>\n<p class=\"read-more-container\"><a title=\"\u0130talyanca G\u00fcnler\" class=\"read-more button\" href=\"https:\/\/almanca.com.tr\/blog\/italyanca-gunler\/#more-2825\" aria-label=\"Read more about \u0130talyanca G\u00fcnler\">Devam\u0131n\u0131 Oku<\/a><\/p>\n","protected":false},"author":1,"featured_media":2641,"comment_status":"open","ping_status":"open","sticky":false,"template":"","format":"standard","meta":{"footnotes":""},"categories":[7],"tags":[],"class_list":["post-2825","post","type-post","status-publish","format-standard","has-post-thumbnail","hentry","category-italyanca-konu-anlatimlari"],"views":1044,"_links":{"self":[{"href":"https:\/\/almanca.com.tr\/blog\/wp-json\/wp\/v2\/posts\/2825","targetHints":{"allow":["GET"]}}],"collection":[{"href":"https:\/\/almanca.com.tr\/blog\/wp-json\/wp\/v2\/posts"}],"about":[{"href":"https:\/\/almanca.com.tr\/blog\/wp-json\/wp\/v2\/types\/post"}],"author":[{"embeddable":true,"href":"https:\/\/almanca.com.tr\/blog\/wp-json\/wp\/v2\/users\/1"}],"replies":[{"embeddable":true,"href":"https:\/\/almanca.com.tr\/blog\/wp-json\/wp\/v2\/comments?post=2825"}],"version-history":[{"count":0,"href":"https:\/\/almanca.com.tr\/blog\/wp-json\/wp\/v2\/posts\/2825\/revisions"}],"wp:featuredmedia":[{"embeddable":true,"href":"https:\/\/almanca.com.tr\/blog\/wp-json\/wp\/v2\/media\/2641"}],"wp:attachment":[{"href":"https:\/\/almanca.com.tr\/blog\/wp-json\/wp\/v2\/media?parent=2825"}],"wp:term":[{"taxonomy":"category","embeddable":true,"href":"https:\/\/almanca.com.tr\/blog\/wp-json\/wp\/v2\/categories?post=2825"},{"taxonomy":"post_tag","embeddable":true,"href":"https:\/\/almanca.com.tr\/blog\/wp-json\/wp\/v2\/tags?post=2825"}],"curies":[{"name":"wp","href":"https:\/\/api.w.org\/{rel}","templated":true}]}}