{"id":2826,"date":"2022-04-14T12:18:15","date_gmt":"2022-04-14T09:18:15","guid":{"rendered":"https:\/\/petinya.com\/?p=715"},"modified":"2022-04-14T12:18:15","modified_gmt":"2022-04-14T09:18:15","slug":"italyanca-mevsimler","status":"publish","type":"post","link":"https:\/\/almanca.com.tr\/blog\/italyanca-mevsimler\/","title":{"rendered":"\u0130talyanca Mevsimler"},"content":{"rendered":"<p><strong>\u0130talyanca Mevsimler<\/strong> T\u00fcrk\u00e7e&#8217;de oldu\u011fu gibi 4 k\u0131sma ayr\u0131l\u0131r. Mevsimler d\u00fcnya genelinde baz\u0131 istisnalar hari\u00e7 3 Ay\u2019da bir de\u011fi\u015fir. \u0130talyanca &#8221;<b>La stagione&#8221;,<\/b> mevsim &#8216;<strong>Le stagioni<\/strong>&#8216; mevsimler demektir.<\/p>\n<div class=\"QmZWSe\">\n<h2 class=\"DHcWmd\">\u0130talyanca Mevsimler ve T\u00fcrk\u00e7e Anlamlar\u0131<\/h2>\n<\/div>\n<p>\u0130talyanca dilinde Mevsimler Bu \u015eekilde Adland\u0131r\u0131l\u0131r;<\/p>\n<ul>\n<li>Primavera &#8211; \u0130lkbahar<\/li>\n<li>Estate &#8211; Yaz<\/li>\n<li>Autunno &#8211; Sonbahar<\/li>\n<li>Inverno &#8211; K\u0131\u015f<\/li>\n<\/ul>\n<ol>\n<li>in primavera &#8211; \u0130lkbaharda<\/li>\n<li>in estate &#8211; Yaz\u0131n<\/li>\n<li>in autunno &#8211; Sonbaharda<\/li>\n<li>in inverno &#8211; K\u0131\u015f\u0131n<\/li>\n<\/ol>\n<h3>\u0130talyanca Mevsimler ve Artikelleri<\/h3>\n<ul>\n<li>la primavera = Bahar<\/li>\n<li>la estate <span style=\"color: #999999;\">(l&#8217;estate)<\/span> = Yaz<\/li>\n<li>il autunno <span style=\"color: #999999;\">(l&#8217;autunno)<\/span> = Sonbahar<\/li>\n<li>il inverno <span style=\"color: #999999;\">(l&#8217;inverno)<\/span> = K\u0131\u015f<\/li>\n<\/ul>\n<p>&nbsp;<\/p>\n<h2><strong>\u0130talyanca Mevsimler<\/strong> \u0130le \u0130lgili \u00d6rnek C\u00fcmleler<\/h2>\n<p>&nbsp;<\/p>\n<ul>\n<li>Quante stagioni ci sono in un anno? (Bir y\u0131lda ka\u00e7 mevsim vard\u0131r?)<\/li>\n<li>Ci sono quattro stagioni in un anno. (Bir y\u0131lda 4 Mevsim vard\u0131r)<\/li>\n<li>Che stagione siamo? (Hangi mevsimdeyiz?)<\/li>\n<li>Siamo in Primavera.\u00a0 (Biz ilkbahar ay\u0131nday\u0131z)<\/li>\n<li>Qual \u00e8 la tua stagione preferita? (En \u00e7ok hangi mevsimi seversin?)<\/li>\n<li>l&#8217;inverno \u00e8 la mia stagione preferita. (K\u0131\u015f en sevdi\u011fim mevsimdir)<\/li>\n<li>l&#8217;estate \u00e8 la mia stagione preferita (Yaz en sevdi\u011fim mevsimdir)<\/li>\n<li>la primavera \u00e8 la mia stagione preferita (\u0130lkbahar en sevdi\u011fim mevsimdir)<\/li>\n<li>L&#8217;autunno \u00e8 la mia stagione preferita (Sonbahar en sevdi\u011fim mevsimdir)<\/li>\n<li>l&#8217;inverno \u00e8 la stagione delle piogge (K\u0131\u015f ya\u011f\u0131\u015fl\u0131 mevsimdir)<\/li>\n<\/ul>\n<p>&nbsp;<\/p>\n<h2><strong>\u0130talyanca Hangi Mevsimde Hangi Ay Vard\u0131r?<\/strong><\/h2>\n<div class=\"code-block code-block-3\"><\/div>\n<p><strong>Primavera (\u0130lkbahar)<\/strong><\/p>\n<ul>\n<li>Marzo (Mart)<\/li>\n<li>Aprile (Nisan)<\/li>\n<li>Maggio (May\u0131s)<\/li>\n<\/ul>\n<p><strong>Estate (Yaz)<\/strong><\/p>\n<ul>\n<li>Giugno (Haziran)<\/li>\n<li>Luglio (Temmuz)<\/li>\n<li>Agosto (A\u011fustos)<\/li>\n<\/ul>\n<p><strong>Autunno (Sonbahar)<\/strong><\/p>\n<ul>\n<li>Settembre (Eyl\u00fcl)<\/li>\n<li>Ottobre (Ekim)<\/li>\n<li>Novembre (Kas\u0131m)<\/li>\n<\/ul>\n<p><strong>Inverno (K\u0131\u015f)<\/strong><\/p>\n<ul>\n<li>Dicembre (Aral\u0131k)<\/li>\n<li>Gennaio (Ocak)<\/li>\n<li>Febbraio (\u015eubat)<\/li>\n<\/ul>\n<p class=\"entry-title\"><strong><em><a href=\"https:\/\/almanca.com.tr\/blog\/italyanca-gunler\/\" rel=\"bookmark\" data-wpel-link=\"internal\">\u0130talyanca G\u00fcnler Konusunu bu linkten okuyablirsiniz.\u00a0<\/a><\/em><\/strong><\/p>\n","protected":false},"excerpt":{"rendered":"<p>\u0130talyanca Mevsimler T\u00fcrk\u00e7e&#8217;de oldu\u011fu gibi 4 k\u0131sma ayr\u0131l\u0131r. Mevsimler d\u00fcnya genelinde baz\u0131 istisnalar hari\u00e7 3 Ay\u2019da bir de\u011fi\u015fir. \u0130talyanca &#8221;La stagione&#8221;, mevsim &#8216;Le stagioni&#8216; mevsimler demektir. \u0130talyanca Mevsimler ve T\u00fcrk\u00e7e Anlamlar\u0131 \u0130talyanca dilinde &#8230; <\/p>\n<p class=\"read-more-container\"><a title=\"\u0130talyanca Mevsimler\" class=\"read-more button\" href=\"https:\/\/almanca.com.tr\/blog\/italyanca-mevsimler\/#more-2826\" aria-label=\"Read more about \u0130talyanca Mevsimler\">Devam\u0131n\u0131 Oku<\/a><\/p>\n","protected":false},"author":1,"featured_media":2638,"comment_status":"open","ping_status":"open","sticky":false,"template":"","format":"standard","meta":{"footnotes":""},"categories":[7],"tags":[],"class_list":["post-2826","post","type-post","status-publish","format-standard","has-post-thumbnail","hentry","category-italyanca-konu-anlatimlari"],"views":892,"_links":{"self":[{"href":"https:\/\/almanca.com.tr\/blog\/wp-json\/wp\/v2\/posts\/2826","targetHints":{"allow":["GET"]}}],"collection":[{"href":"https:\/\/almanca.com.tr\/blog\/wp-json\/wp\/v2\/posts"}],"about":[{"href":"https:\/\/almanca.com.tr\/blog\/wp-json\/wp\/v2\/types\/post"}],"author":[{"embeddable":true,"href":"https:\/\/almanca.com.tr\/blog\/wp-json\/wp\/v2\/users\/1"}],"replies":[{"embeddable":true,"href":"https:\/\/almanca.com.tr\/blog\/wp-json\/wp\/v2\/comments?post=2826"}],"version-history":[{"count":0,"href":"https:\/\/almanca.com.tr\/blog\/wp-json\/wp\/v2\/posts\/2826\/revisions"}],"wp:featuredmedia":[{"embeddable":true,"href":"https:\/\/almanca.com.tr\/blog\/wp-json\/wp\/v2\/media\/2638"}],"wp:attachment":[{"href":"https:\/\/almanca.com.tr\/blog\/wp-json\/wp\/v2\/media?parent=2826"}],"wp:term":[{"taxonomy":"category","embeddable":true,"href":"https:\/\/almanca.com.tr\/blog\/wp-json\/wp\/v2\/categories?post=2826"},{"taxonomy":"post_tag","embeddable":true,"href":"https:\/\/almanca.com.tr\/blog\/wp-json\/wp\/v2\/tags?post=2826"}],"curies":[{"name":"wp","href":"https:\/\/api.w.org\/{rel}","templated":true}]}}