{"id":2967,"date":"2023-10-02T20:44:55","date_gmt":"2023-10-02T17:44:55","guid":{"rendered":"https:\/\/almanca.com.tr\/blog\/?p=2967"},"modified":"2024-07-23T13:43:55","modified_gmt":"2024-07-23T10:43:55","slug":"italyanca-kiyafetler","status":"publish","type":"post","link":"https:\/\/almanca.com.tr\/blog\/italyanca-kiyafetler\/","title":{"rendered":"\u0130talyanca K\u0131yafetler ve T\u00fcrk\u00e7e Anlamlar\u0131"},"content":{"rendered":"<p><strong>\u0130talyanca K\u0131yafetler ve T\u00fcrk\u00e7e Anlamlar\u0131<\/strong>: Bu yaz\u0131da, \u0130talyanca&#8217;da k\u0131yafetleri tan\u0131tan bir liste bulacaks\u0131n\u0131z. K\u0131yafetlerin \u0130talyanca isimlerini ve T\u00fcrk\u00e7e kar\u015f\u0131l\u0131klar\u0131n\u0131 g\u00f6zden ge\u00e7irece\u011fiz. E\u011fer \u0130talyanca \u00f6\u011freniyorsan\u0131z, k\u0131yafetlerle ilgili terimler, kelimeler ve c\u00fcmle yap\u0131lar\u0131na dikkat etmek \u00f6nemlidir. Bu yaz\u0131da, \u0130talyanca k\u0131yafetlerin T\u00fcrk\u00e7e kar\u015f\u0131l\u0131klar\u0131n\u0131 bulacak ve detaylar\u0131yla a\u00e7\u0131klayaca\u011f\u0131z.<\/p>\n<h2>\u0130talyanca K\u0131yafetler ve T\u00fcrk\u00e7e Anlamlar\u0131<\/h2>\n<p>A\u015fa\u011f\u0131da \u0130talyanca giysiler ve T\u00fcrk\u00e7e Anlamlar\u0131 listelenmi\u015ftir.<\/p>\n<ul>\n<li>il vestito = Elbise<\/li>\n<li>il completo = Tak\u0131m elbise<\/li>\n<li>i pantaloni = Pantolon<\/li>\n<li>la camicia = G\u00f6mlek<\/li>\n<li>il maglione = Kazak<\/li>\n<li>la gonna = Etek<\/li>\n<li>la maglietta = Ti\u015f\u00f6rt<\/li>\n<li>i Pantaloncini = \u015eort<\/li>\n<li>il jeans = Kot<\/li>\n<li>la giacca = Ceket<\/li>\n<li>il cappotto = Palto<\/li>\n<li>la camicetta = Bluz<\/li>\n<li>il cappotto = Kaban<\/li>\n<li>il costume = Kost\u00fcm<\/li>\n<li>l&#8217;accappatoio = Bornoz<\/li>\n<li>il velo = Duvak<\/li>\n<li>il vestito da sposa = Gelinlik<\/li>\n<li>il cappuccio = Kap\u00fc\u015fon<\/li>\n<li>il panciotto = Yelek<\/li>\n<li>il pigiama = Pijama<\/li>\n<li>la maglia = Forma<\/li>\n<li>il guanto = Eldiven<\/li>\n<li>la sciarpa = Atk\u0131<\/li>\n<li>il papillon = Papyon<\/li>\n<li>il cappello = \u015eapka<\/li>\n<li>il mantello = Pelerin<\/li>\n<li>il calzino = \u00c7orap<\/li>\n<li>la camicia da notte = Gecelik<\/li>\n<\/ul>\n<h3>\u0130talyanca \u0130\u00e7 Giyim ve T\u00fcrk\u00e7e Anlamlar\u0131<\/h3>\n<p><strong>\u0130talyanca \u0130\u00e7 \u00e7ama\u015f\u0131rlar\u0131 ve T\u00fcrk\u00e7e Kar\u015f\u0131l\u0131klar\u0131.<\/strong><\/p>\n<ul>\n<li>il pigiama = Pijama<\/li>\n<li>il reggiseno = S\u00fctyen<\/li>\n<li>il tanga = Tanga<\/li>\n<li>le mutande = K\u00fclot (Erkek)<\/li>\n<li>le mutandine = K\u00fclot (Bayan)<\/li>\n<li>l\u2019intimo termico = Termal i\u00e7lik<\/li>\n<li>la canottiera = Fanila<\/li>\n<li>il calzino = \u00c7orap<\/li>\n<li>il collant = K\u00fclotlu \u00e7orap<\/li>\n<li>la calza = Kon\u00e7<\/li>\n<li>il neglig\u00e9 = Sabahl\u0131k<\/li>\n<li>il reggiseno sportivo = Ko\u015fu sutyeni<\/li>\n<li>il tubino nero = K\u00fc\u00e7\u00fck siyah elbise<\/li>\n<li>il tubino bianco = K\u00fc\u00e7\u00fck beyaz elbise<\/li>\n<li>la camicia da notte = Gecelik<\/li>\n<li>la lingerie = Kad\u0131n i\u00e7 \u00e7ama\u015f\u0131r\u0131<\/li>\n<li>la taglia = K\u0131yafet bedeni<\/li>\n<li>il vestito da sera = Gece elbisesi<\/li>\n<\/ul>\n<p><strong>\u0130talyanca K\u0131yafetler \u0130\u00e7 \u00c7ama\u015f\u0131r\u0131<\/strong> \u2013 \u0130\u00e7 giyim ile ilgili sesli telaffuzu a\u015fa\u011f\u0131daki play butonuna basarak dinleyebilirsiniz.<\/p>\n<table class=\"table-responsive\">\n<tbody>\n<tr>\n<td width=\"50%\">il pigiama = Pijama<br \/>\n<audio class=\"audio\" src=\"https:\/\/almanca.com.tr\/blog\/audio\/italyanca-ic-giyim\/pijama.mp3\" controls=\"controls\" data-mce-fragment=\"1\"><\/audio><\/td>\n<td width=\"50%\">il reggiseno = S\u00fctyen<br \/>\n<audio class=\"audio\" src=\"https:\/\/almanca.com.tr\/blog\/audio\/italyanca-ic-giyim\/sutyen.mp3\" controls=\"controls\" data-mce-fragment=\"1\"><\/audio><\/td>\n<\/tr>\n<tr>\n<td width=\"50%\">il tanga = Tanga<br \/>\n<audio class=\"audio\" src=\"https:\/\/almanca.com.tr\/blog\/audio\/italyanca-ic-giyim\/tanga.mp3\" controls=\"controls\" data-mce-fragment=\"1\"><\/audio><\/td>\n<td width=\"50%\">la canottiera = Fanila<br \/>\n<audio class=\"audio\" src=\"https:\/\/almanca.com.tr\/blog\/audio\/italyanca-ic-giyim\/fanila.mp3\" controls=\"controls\" data-mce-fragment=\"1\"><\/audio><\/td>\n<\/tr>\n<tr>\n<td width=\"50%\">le mutande = K\u00fclot (Erkek)<br \/>\n<audio class=\"audio\" src=\"https:\/\/almanca.com.tr\/blog\/audio\/italyanca-ic-giyim\/kulot-erkek.mp3\" controls=\"controls\" data-mce-fragment=\"1\"><\/audio><\/td>\n<td width=\"50%\">le mutandine = K\u00fclot (Bayan)<br \/>\n<audio class=\"audio\" src=\"https:\/\/almanca.com.tr\/blog\/audio\/italyanca-ic-giyim\/kulot-bayan.mp3\" controls=\"controls\" data-mce-fragment=\"1\"><\/audio><\/td>\n<\/tr>\n<tr>\n<td width=\"50%\">l\u2019intimo termico = Termal i\u00e7lik<br \/>\n<audio class=\"audio\" src=\"https:\/\/almanca.com.tr\/blog\/audio\/italyanca-ic-giyim\/termal-iclik.mp3\" controls=\"controls\" data-mce-fragment=\"1\"><\/audio><\/td>\n<td width=\"50%\">la calza = Kon\u00e7<br \/>\n<audio class=\"audio\" src=\"https:\/\/almanca.com.tr\/blog\/audio\/italyanca-ic-giyim\/konc.mp3\" controls=\"controls\" data-mce-fragment=\"1\"><\/audio><\/td>\n<\/tr>\n<tr>\n<td width=\"50%\">il calzino = \u00c7orap<br \/>\n<audio class=\"audio\" src=\"https:\/\/almanca.com.tr\/blog\/audio\/italyanca-ic-giyim\/corap.mp3\" controls=\"controls\" data-mce-fragment=\"1\"><\/audio><\/td>\n<td width=\"50%\">il collant = K\u00fclotlu \u00e7orap<br \/>\n<audio class=\"audio\" src=\"https:\/\/almanca.com.tr\/blog\/audio\/italyanca-ic-giyim\/kulotlu-corap.mp3\" controls=\"controls\" data-mce-fragment=\"1\"><\/audio><\/td>\n<\/tr>\n<tr>\n<td width=\"50%\">il neglig\u00e9 = Sabahl\u0131k<br \/>\n<audio class=\"audio\" src=\"https:\/\/almanca.com.tr\/blog\/audio\/italyanca-ic-giyim\/sabahlik.mp3\" controls=\"controls\" data-mce-fragment=\"1\"><\/audio><\/td>\n<td width=\"50%\">il reggiseno sportivo = Ko\u015fu sutyeni<br \/>\n<audio class=\"audio\" src=\"https:\/\/almanca.com.tr\/blog\/audio\/italyanca-ic-giyim\/kosu-sutyeni.mp3\" controls=\"controls\" data-mce-fragment=\"1\"><\/audio><\/td>\n<\/tr>\n<tr>\n<td width=\"50%\">la camicia da notte = Gecelik<br \/>\n<audio class=\"audio\" src=\"https:\/\/almanca.com.tr\/blog\/audio\/italyanca-ic-giyim\/gecelik.mp3\" controls=\"controls\" data-mce-fragment=\"1\"><\/audio><\/td>\n<td width=\"50%\">la lingerie = Kad\u0131n i\u00e7 \u00e7ama\u015f\u0131r\u0131<br \/>\n<audio class=\"audio\" src=\"https:\/\/almanca.com.tr\/blog\/audio\/italyanca-ic-giyim\/kadin-ic-camasiri.mp3\" controls=\"controls\" data-mce-fragment=\"1\"><\/audio><\/td>\n<\/tr>\n<tr>\n<td width=\"50%\">il tubino bianco = K\u00fc\u00e7\u00fck beyaz elbise<br \/>\n<audio class=\"audio\" src=\"https:\/\/almanca.com.tr\/blog\/audio\/italyanca-ic-giyim\/kucuk-beyaz-elbise.mp3\" controls=\"controls\" data-mce-fragment=\"1\"><\/audio><\/td>\n<td width=\"50%\">il tubino nero = K\u00fc\u00e7\u00fck siyah elbise<br \/>\n<audio class=\"audio\" src=\"https:\/\/almanca.com.tr\/blog\/audio\/italyanca-ic-giyim\/kucuk-siyah-elbise.mp3\" controls=\"controls\" data-mce-fragment=\"1\"><\/audio><\/td>\n<\/tr>\n<tr>\n<td width=\"50%\">la taglia = K\u0131yafet bedeni<br \/>\n<audio class=\"audio\" src=\"https:\/\/almanca.com.tr\/blog\/audio\/italyanca-ic-giyim\/kiyafet-bedeni.mp3\" controls=\"controls\" data-mce-fragment=\"1\"><\/audio><\/td>\n<td width=\"50%\">il vestito da sera = Gece elbisesi<br \/>\n<audio class=\"audio\" src=\"https:\/\/almanca.com.tr\/blog\/audio\/italyanca-ic-giyim\/gece-elbisesi.mp3\" controls=\"controls\" data-mce-fragment=\"1\"><\/audio><\/td>\n<\/tr>\n<\/tbody>\n<\/table>\n<h3>\u0130talyanca K\u0131yafetler ile ilgili \u00d6rnek C\u00fcmleler<\/h3>\n<ol>\n<li><strong>La maglietta \u00e8 rossa.<\/strong> &#8211; Ti\u015f\u00f6rt k\u0131rm\u0131z\u0131.<\/li>\n<li><strong>Indosso i jeans oggi.<\/strong> &#8211; Bug\u00fcn kot pantolon giyiyorum.<\/li>\n<li><strong>Mi piace molto quel vestito.<\/strong> &#8211; O elbiseyi \u00e7ok seviyorum.<\/li>\n<li><strong>Ho bisogno di un cappotto nuovo.<\/strong> &#8211; Yeni bir paltoya ihtiyac\u0131m var.<\/li>\n<li><strong>Il mio maglione preferito \u00e8 blu.<\/strong> &#8211; En sevdi\u011fim kazak mavi.<\/li>\n<li><strong>Ho comprato una camicia bianca.<\/strong> &#8211; <a href=\"https:\/\/petinya.net\/beyaz-yakali-nedir\/\" target=\"_blank\" rel=\"noopener\">Beyaz<\/a> bir g\u00f6mlek ald\u0131m.<\/li>\n<li><strong>Lui indossa una camicia bianca.<\/strong> &#8211; O beyaz bir g\u00f6mlek giyiyor.<\/li>\n<li><strong>La sua camicia a righe \u00e8 molto carina.<\/strong> &#8211; \u00c7izgili g\u00f6mle\u011fi \u00e7ok \u015firin.<\/li>\n<li><strong>Questa gonna \u00e8 troppo corta.<\/strong> &#8211; Bu etek \u00e7ok k\u0131sa.<\/li>\n<li><strong>Mi piace indossare gli stivali d&#8217;inverno.<\/strong> &#8211; K\u0131\u015f\u0131n \u00e7izme giymeyi seviyorum.<\/li>\n<li><strong>Il completo \u00e8 elegante.<\/strong> &#8211; Tak\u0131m elbise \u015f\u0131k.<\/li>\n<li><strong>La signora indossa un abito elegante.<\/strong> &#8211; Bayan \u015f\u0131k bir elbise giyiyor.<\/li>\n<li><strong>Mi piace molto il tuo cappello.<\/strong> &#8211; \u015eapkan\u0131 \u00e7ok be\u011fendim.<\/li>\n<li><strong>Quella signora indossa un bellissimo vestito rosso.<\/strong> &#8211; \u015eu bayan g\u00fczel bir k\u0131rm\u0131z\u0131 elbise giyiyor.<\/li>\n<li><strong>Mi piace come le sta quel cappotto.<\/strong> &#8211; O palto ona \u00e7ok yak\u0131\u015fm\u0131\u015f.<\/li>\n<li><strong>L&#8217;uomo indossa un completo elegante.<\/strong> &#8211; Adam \u015f\u0131k bir tak\u0131m elbise giyiyor.<\/li>\n<li><strong>Quei pantaloni sono di buona qualit\u00e0.<\/strong> &#8211; \u015eu pantolonlar kaliteli.<\/li>\n<li><strong>Mi piacciono molto le tue scarpe nuove.<\/strong> &#8211; Yeni ayakkab\u0131lar\u0131n \u00e7ok ho\u015f.<\/li>\n<li><strong>Quel cappello ti sta molto bene.<\/strong> &#8211; \u015eu \u015fapka sana \u00e7ok yak\u0131\u015f\u0131yor.<\/li>\n<li><strong>La sua giacca \u00e8 di pelle nera.<\/strong> &#8211; Onun ceketi siyah deri.<\/li>\n<li><strong>Quel completo grigio \u00e8 molto elegante.<\/strong> &#8211; Gri tak\u0131m elbise \u00e7ok \u015f\u0131k.<\/li>\n<\/ol>\n<p>Comprare vestiti&#8221; \u0130talyanca&#8217;da &#8220;giyim al\u0131\u015fveri\u015fi yapmak&#8221; anlam\u0131na gelir. Bu ifade, \u0130talyanca \u00f6\u011frenenler i\u00e7in temel seviyede yer alan bir konudur. Giyim al\u0131\u015fveri\u015fi yaparken kullanabilece\u011finiz c\u00fcmleleri \u00f6\u011frenmek, pratik yapmak ve ileti\u015fim becerilerinizi geli\u015ftirmek a\u00e7\u0131s\u0131ndan \u00f6nemlidir. Bu ifade A1 seviyesinde, yani temel seviyede yer alan bir konudur.<\/p>\n<p><iframe loading=\"lazy\" title=\"Dialogo 12: Comprare vestiti (A1) [Easy Italian with free dialogues online]\" width=\"1200\" height=\"675\" src=\"https:\/\/www.youtube.com\/embed\/W4BrbIaNxGo?feature=oembed\" frameborder=\"0\" allow=\"accelerometer; autoplay; clipboard-write; encrypted-media; gyroscope; picture-in-picture; web-share\" referrerpolicy=\"strict-origin-when-cross-origin\" allowfullscreen><\/iframe><\/p>\n<blockquote class=\"wp-block-quote\"><p><em><br \/>\n<a href=\"https:\/\/almanca.com.tr\/almanca-kiyafetler-kleidung\/\">Almanca K\u0131yafetler ve T\u00fcrk\u00e7e Anlamlar\u0131<\/a><br \/>\n<\/em><\/p><\/blockquote>\n<p><strong>\u0130talyanca K\u0131yafetler ve T\u00fcrk\u00e7e Anlamlar\u0131<\/strong> isimli konumuza kendi d\u00fc\u015f\u00fcncelerinizi yorumlar b\u00f6l\u00fcm\u00fcnden payla\u015fabilirsiniz. <span style=\"color: #008000;\"><em>\u0130talyanca K\u0131yafetler<\/em><\/span> konumuzu okudu\u011funuz i\u00e7in te\u015fekk\u00fcr ederiz.<\/p>\n","protected":false},"excerpt":{"rendered":"<p>\u0130talyanca K\u0131yafetler ve T\u00fcrk\u00e7e Anlamlar\u0131: Bu yaz\u0131da, \u0130talyanca&#8217;da k\u0131yafetleri tan\u0131tan bir liste bulacaks\u0131n\u0131z. K\u0131yafetlerin \u0130talyanca isimlerini ve T\u00fcrk\u00e7e kar\u015f\u0131l\u0131klar\u0131n\u0131 g\u00f6zden ge\u00e7irece\u011fiz. E\u011fer \u0130talyanca \u00f6\u011freniyorsan\u0131z, k\u0131yafetlerle ilgili terimler, kelimeler ve c\u00fcmle yap\u0131lar\u0131na dikkat etmek &#8230; <\/p>\n<p class=\"read-more-container\"><a title=\"\u0130talyanca K\u0131yafetler ve T\u00fcrk\u00e7e Anlamlar\u0131\" class=\"read-more button\" href=\"https:\/\/almanca.com.tr\/blog\/italyanca-kiyafetler\/#more-2967\" aria-label=\"Read more about \u0130talyanca K\u0131yafetler ve T\u00fcrk\u00e7e Anlamlar\u0131\">Devam\u0131n\u0131 Oku<\/a><\/p>\n","protected":false},"author":1,"featured_media":2970,"comment_status":"open","ping_status":"open","sticky":false,"template":"","format":"standard","meta":{"footnotes":""},"categories":[7],"tags":[],"class_list":["post-2967","post","type-post","status-publish","format-standard","has-post-thumbnail","hentry","category-italyanca-konu-anlatimlari"],"views":847,"_links":{"self":[{"href":"https:\/\/almanca.com.tr\/blog\/wp-json\/wp\/v2\/posts\/2967","targetHints":{"allow":["GET"]}}],"collection":[{"href":"https:\/\/almanca.com.tr\/blog\/wp-json\/wp\/v2\/posts"}],"about":[{"href":"https:\/\/almanca.com.tr\/blog\/wp-json\/wp\/v2\/types\/post"}],"author":[{"embeddable":true,"href":"https:\/\/almanca.com.tr\/blog\/wp-json\/wp\/v2\/users\/1"}],"replies":[{"embeddable":true,"href":"https:\/\/almanca.com.tr\/blog\/wp-json\/wp\/v2\/comments?post=2967"}],"version-history":[{"count":0,"href":"https:\/\/almanca.com.tr\/blog\/wp-json\/wp\/v2\/posts\/2967\/revisions"}],"wp:featuredmedia":[{"embeddable":true,"href":"https:\/\/almanca.com.tr\/blog\/wp-json\/wp\/v2\/media\/2970"}],"wp:attachment":[{"href":"https:\/\/almanca.com.tr\/blog\/wp-json\/wp\/v2\/media?parent=2967"}],"wp:term":[{"taxonomy":"category","embeddable":true,"href":"https:\/\/almanca.com.tr\/blog\/wp-json\/wp\/v2\/categories?post=2967"},{"taxonomy":"post_tag","embeddable":true,"href":"https:\/\/almanca.com.tr\/blog\/wp-json\/wp\/v2\/tags?post=2967"}],"curies":[{"name":"wp","href":"https:\/\/api.w.org\/{rel}","templated":true}]}}