{"id":3000,"date":"2023-11-12T15:10:21","date_gmt":"2023-11-12T12:10:21","guid":{"rendered":"https:\/\/almanca.com.tr\/blog\/?p=3000"},"modified":"2023-11-12T15:10:21","modified_gmt":"2023-11-12T12:10:21","slug":"italyanca-tibbi-terimler","status":"publish","type":"post","link":"https:\/\/almanca.com.tr\/blog\/italyanca-tibbi-terimler\/","title":{"rendered":"\u0130talyanca T\u0131bbi Terimler ve T\u00fcrk\u00e7e Anlamlar\u0131"},"content":{"rendered":"<p><strong>\u0130talyanca T\u0131bbi Terimler<\/strong>: Sa\u011fl\u0131k d\u00fcnyas\u0131, her dilde oldu\u011fu gibi \u0130talyanca\u2019da zengin bir terim ve kelime da\u011farc\u0131\u011f\u0131na sahiptir. Bu yaz\u0131m\u0131zda, ila\u00e7lar ve t\u0131bbi terimlerin \u0130talyanca formlar\u0131n\u0131 ke\u015ffedeceksiniz.<\/p>\n<h2>\u0130talyanca T\u0131bbi Terimler ve T\u00fcrk\u00e7e Anlamlar\u0131<\/h2>\n<p>l&#8217;insulina = \u0130ns\u00fclin<br \/>\ngli Antibiotici = Antibiyotikler<br \/>\nil dosaggio = Dozaj<br \/>\nla pillola = Hap<br \/>\nla capsula = Kaps\u00fcl<br \/>\nlo sciroppo per la tosse = \u00d6ks\u00fcr\u00fck \u015furubu<br \/>\nl&#8217;antidolorifico = A\u011fr\u0131 kesici<br \/>\nl&#8217;aspirina = Aspirin<br \/>\nla vitamina = Vitamin<br \/>\nil sonnifero = Uyku hap\u0131<br \/>\nla flebo Enf\u00fczyon<br \/>\nl&#8217;inalatore = Solunum aleti<br \/>\nl&#8217;antisettico = Antiseptik<br \/>\nlo spray nasale burun spreyi<br \/>\nla polvere = Toz<br \/>\nla data di scadenza = Son kullanma tarihi<br \/>\nl&#8217;effetto collaterale = Yan etki<\/p>\n<p>&nbsp;<\/p>\n<blockquote class=\"wp-block-quote\"><p><em><br \/>\n<a href=\"https:\/\/almanca.com.tr\/almanca-tibbi-terimler\/\">Almanca T\u0131bbi Terimler ve T\u00fcrk\u00e7e Anlamlar\u0131<\/a><br \/>\n<\/em><\/p><\/blockquote>\n<p>Konumuza kendi d\u00fc\u015f\u00fcncelerinizi yorumlar b\u00f6l\u00fcm\u00fcnden payla\u015fabilirsiniz. <span style=\"color: #008000;\"><em>\u0130talyanca T\u0131bbi Terimler ve T\u00fcrk\u00e7e Anlamlar\u0131<\/em><\/span> konumuzu okudu\u011funuz i\u00e7in te\u015fekk\u00fcr ederiz.<\/p>\n<hr \/>\n","protected":false},"excerpt":{"rendered":"<p>\u0130talyanca T\u0131bbi Terimler: Sa\u011fl\u0131k d\u00fcnyas\u0131, her dilde oldu\u011fu gibi \u0130talyanca\u2019da zengin bir terim ve kelime da\u011farc\u0131\u011f\u0131na sahiptir. Bu yaz\u0131m\u0131zda, ila\u00e7lar ve t\u0131bbi terimlerin \u0130talyanca formlar\u0131n\u0131 ke\u015ffedeceksiniz. \u0130talyanca T\u0131bbi Terimler ve T\u00fcrk\u00e7e Anlamlar\u0131 l&#8217;insulina &#8230; <\/p>\n<p class=\"read-more-container\"><a title=\"\u0130talyanca T\u0131bbi Terimler ve T\u00fcrk\u00e7e Anlamlar\u0131\" class=\"read-more button\" href=\"https:\/\/almanca.com.tr\/blog\/italyanca-tibbi-terimler\/#more-3000\" aria-label=\"Read more about \u0130talyanca T\u0131bbi Terimler ve T\u00fcrk\u00e7e Anlamlar\u0131\">Devam\u0131n\u0131 Oku<\/a><\/p>\n","protected":false},"author":1,"featured_media":3001,"comment_status":"open","ping_status":"open","sticky":false,"template":"","format":"standard","meta":{"footnotes":""},"categories":[7],"tags":[],"class_list":["post-3000","post","type-post","status-publish","format-standard","has-post-thumbnail","hentry","category-italyanca-konu-anlatimlari"],"views":726,"_links":{"self":[{"href":"https:\/\/almanca.com.tr\/blog\/wp-json\/wp\/v2\/posts\/3000","targetHints":{"allow":["GET"]}}],"collection":[{"href":"https:\/\/almanca.com.tr\/blog\/wp-json\/wp\/v2\/posts"}],"about":[{"href":"https:\/\/almanca.com.tr\/blog\/wp-json\/wp\/v2\/types\/post"}],"author":[{"embeddable":true,"href":"https:\/\/almanca.com.tr\/blog\/wp-json\/wp\/v2\/users\/1"}],"replies":[{"embeddable":true,"href":"https:\/\/almanca.com.tr\/blog\/wp-json\/wp\/v2\/comments?post=3000"}],"version-history":[{"count":0,"href":"https:\/\/almanca.com.tr\/blog\/wp-json\/wp\/v2\/posts\/3000\/revisions"}],"wp:featuredmedia":[{"embeddable":true,"href":"https:\/\/almanca.com.tr\/blog\/wp-json\/wp\/v2\/media\/3001"}],"wp:attachment":[{"href":"https:\/\/almanca.com.tr\/blog\/wp-json\/wp\/v2\/media?parent=3000"}],"wp:term":[{"taxonomy":"category","embeddable":true,"href":"https:\/\/almanca.com.tr\/blog\/wp-json\/wp\/v2\/categories?post=3000"},{"taxonomy":"post_tag","embeddable":true,"href":"https:\/\/almanca.com.tr\/blog\/wp-json\/wp\/v2\/tags?post=3000"}],"curies":[{"name":"wp","href":"https:\/\/api.w.org\/{rel}","templated":true}]}}