{"id":3286,"date":"2025-01-22T03:17:39","date_gmt":"2025-01-22T00:17:39","guid":{"rendered":"https:\/\/almanca.com.tr\/blog\/?p=3286"},"modified":"2025-01-22T03:17:39","modified_gmt":"2025-01-22T00:17:39","slug":"almanya-marketler-ve-calisma-saatleri","status":"publish","type":"post","link":"https:\/\/almanca.com.tr\/blog\/almanya-marketler-ve-calisma-saatleri\/","title":{"rendered":"Almanya Marketler ve \u00c7al\u0131\u015fma Saatleri"},"content":{"rendered":"<p><strong>Almanya\u2019da Market ve Pazar Al\u0131\u015fveri\u015fi: 2025 Y\u0131l\u0131nda Nelere Dikkat Etmeli?<\/strong><\/p>\n<p>Almanya\u2019da ya\u015fam, al\u0131\u015fkanl\u0131klar ve d\u00fczen a\u00e7\u0131s\u0131ndan T\u00fcrkiye\u2019ye k\u0131yasla baz\u0131 farklar g\u00f6steriyor. \u00d6zellikle market al\u0131\u015fveri\u015fi ve pazar gezintileri, al\u0131\u015f\u0131k oldu\u011fumuz saatler ve g\u00fcnler d\u0131\u015f\u0131nda farkl\u0131 bir d\u00fczenle i\u015flemesi nedeniyle ilk kez Almanya\u2019ya gelenleri \u015fa\u015f\u0131rtabilir. Bu yaz\u0131da, Almanya\u2019daki al\u0131\u015fveri\u015f d\u00fczenini anlaman\u0131za yard\u0131mc\u0131 olacak bilgiler sunaca\u011f\u0131z.<\/p>\n<h2>Almanya\u2019da Market ve Pazar Al\u0131\u015fveri\u015fi: Genel Bak\u0131\u015f<\/h2>\n<p>Almanya, her ne kadar s\u00fcpermarketlerle dolu olsa da, taze meyve ve sebzelerin sat\u0131ld\u0131\u011f\u0131 pazarlar da \u00f6nemli bir al\u0131\u015fveri\u015f kayna\u011f\u0131. Ancak, pazarlar\u0131n ne zaman kurulaca\u011f\u0131 ve marketlerin hangi saatlerde a\u00e7\u0131k olaca\u011f\u0131 gibi hususlar, al\u0131\u015fveri\u015f plan\u0131n\u0131z\u0131 yaparken dikkate alman\u0131z gereken \u00f6nemli unsurlard\u0131r. Almanya\u2019daki al\u0131\u015fveri\u015f g\u00fcnleri ve saatleri, belirli bir d\u00fczene g\u00f6re \u015fekillendi\u011finden, bu d\u00fczeni anlamak al\u0131\u015fveri\u015finizi kolayla\u015ft\u0131racakt\u0131r.<\/p>\n<h2>Almanya&#8217;da Marketler ve \u00c7al\u0131\u015fma Saatleri<\/h2>\n<p>Almanya\u2019daki marketler, genel olarak sabah saat 08:00 ile ak\u015fam 21:00 aras\u0131nda a\u00e7\u0131k olur. Bu saatler d\u0131\u015f\u0131nda a\u00e7\u0131k market bulmak olduk\u00e7a zor olabilir, \u00e7\u00fcnk\u00fc \u00e7o\u011fu i\u015fletme bu saat diliminde faaliyet g\u00f6stermektedir. Yani, al\u0131\u015fveri\u015f yapmak i\u00e7in bu saatleri g\u00f6z \u00f6n\u00fcnde bulundurman\u0131z gerekmektedir.<\/p>\n<p>Almanya\u2019daki baz\u0131 b\u00fcy\u00fck s\u00fcpermarket zincirleri aras\u0131nda \u015funlar \u00f6ne \u00e7\u0131kmaktad\u0131r:<\/p>\n<ul>\n<li><a href=\"https:\/\/www.aldi-sued.de\/\" target=\"_blank\" rel=\"noopener\">Aldi<\/a><\/li>\n<li>Alnatura<\/li>\n<li>Edeka<\/li>\n<li>Extra (S\u00fcpermarket)<\/li>\n<li>Globus<\/li>\n<li>Kaufland<\/li>\n<li>Lidl<\/li>\n<li>Metro AG<\/li>\n<li>Metro Cash &amp; Carry<\/li>\n<li>Neckermann<\/li>\n<li>Netto Marken-Discount<\/li>\n<li>Penny (S\u00fcpermarket)<\/li>\n<li>Real (Hipermarket)<\/li>\n<li>REWE<\/li>\n<li>Tansa\u015f<\/li>\n<li>Tegut\u2026<\/li>\n<\/ul>\n<div class=\"flex max-w-full flex-col flex-grow\">\n<div class=\"min-h-8 text-message flex w-full flex-col items-end gap-2 whitespace-normal break-words text-start [.text-message+&amp;]:mt-5\" dir=\"auto\" data-message-author-role=\"assistant\" data-message-id=\"cc5606e0-4b00-451a-b293-658e89ab3cac\" data-message-model-slug=\"gpt-4o-mini\">\n<div class=\"flex w-full flex-col gap-1 empty:hidden first:pt-[3px]\">\n<div class=\"markdown prose w-full break-words dark:prose-invert light\">\n<table>\n<thead>\n<tr>\n<th><strong>Market Zinciri<\/strong><\/th>\n<th><strong>\u00c7al\u0131\u015fma Saatleri<\/strong><\/th>\n<\/tr>\n<\/thead>\n<tbody>\n<tr>\n<td><strong>Aldi<\/strong><\/td>\n<td>08:00 &#8211; 21:00<\/td>\n<\/tr>\n<tr>\n<td><strong>Lidl<\/strong><\/td>\n<td>08:00 &#8211; 21:00<\/td>\n<\/tr>\n<tr>\n<td><strong>Netto<\/strong><\/td>\n<td>08:00 &#8211; 21:00<\/td>\n<\/tr>\n<tr>\n<td><strong>Rewe<\/strong><\/td>\n<td>08:00 &#8211; 21:00<\/td>\n<\/tr>\n<tr>\n<td><strong>Edeka<\/strong><\/td>\n<td>08:00 &#8211; 21:00<\/td>\n<\/tr>\n<\/tbody>\n<\/table>\n<p><em>Not: \u00c7o\u011fu market, belirtilen saatler d\u0131\u015f\u0131nda kapal\u0131d\u0131r, bu nedenle al\u0131\u015fveri\u015finizi bu saat dilimine g\u00f6re planlaman\u0131z \u00f6nerilir.<\/em><\/p>\n<\/div>\n<\/div>\n<\/div>\n<\/div>\n<p>Bu zincirler, Almanya\u2019da oldu\u011fu gibi di\u011fer Avrupa \u00fclkelerinde de faaliyet g\u00f6stermektedir. Marketlerin sundu\u011fu \u00fcr\u00fcnler aras\u0131nda g\u00fcnl\u00fck ihtiya\u00e7lar, g\u0131da, temizlik malzemeleri gibi \u00e7e\u015fitler bulunsa da, taze meyve ve sebzelerin her zaman mevcut olmamas\u0131 m\u00fcmk\u00fcnd\u00fcr. Bu nedenle, pazarlar da \u00f6nemli bir alternatif sunmaktad\u0131r.<\/p>\n<figure id=\"attachment_3288\" aria-describedby=\"caption-attachment-3288\" style=\"width: 502px\" class=\"wp-caption alignnone\"><img loading=\"lazy\" decoding=\"async\" class=\"size-full wp-image-3288\" title=\"almanya marketler ve calisma saatleri 2\" src=\"https:\/\/almanca.com.tr\/blog\/wp-content\/uploads\/2025\/01\/almanya-marketler-ve-calisma-saatleri-2.jpg\" alt=\"Almanya'da Marketler ve \u00c7al\u0131\u015fma Saatleri\" width=\"512\" height=\"512\" srcset=\"https:\/\/almanca.com.tr\/blog\/wp-content\/uploads\/2025\/01\/almanya-marketler-ve-calisma-saatleri-2.jpg 512w, https:\/\/almanca.com.tr\/blog\/wp-content\/uploads\/2025\/01\/almanya-marketler-ve-calisma-saatleri-2-50x50.jpg 50w, https:\/\/almanca.com.tr\/blog\/wp-content\/uploads\/2025\/01\/almanya-marketler-ve-calisma-saatleri-2-120x120.jpg 120w\" sizes=\"auto, (max-width: 512px) 100vw, 512px\" \/><figcaption id=\"caption-attachment-3288\" class=\"wp-caption-text\">Almanya&#8217;da Marketler ve \u00c7al\u0131\u015fma Saatleri<\/figcaption><\/figure>\n<h3>Marketlerin Kapal\u0131 Oldu\u011fu G\u00fcnler<\/h3>\n<p>Almanya&#8217;da, \u00f6zellikle Pazar g\u00fcnleri, &#8220;kapal\u0131 g\u00fcn&#8221; olarak kabul edilir. \u00c7o\u011fu i\u015fletme ve s\u00fcpermarket bu g\u00fcnde kapal\u0131 olur. Ancak baz\u0131 marketler, \u00f6zellikle b\u00fcy\u00fck zincirler, Pazar g\u00fcn\u00fc de hizmet vermeye devam eder. Bu nedenle, ihtiya\u00e7lar\u0131n\u0131z\u0131 bu g\u00fcnlere denk getirmemek daha sa\u011fl\u0131kl\u0131 olacakt\u0131r.<\/p>\n<h2>Almanya\u2019da Pazar Al\u0131\u015fveri\u015fi<\/h2>\n<p>Pazarlar, \u00f6zellikle taze \u00fcr\u00fcnler almak isteyenler i\u00e7in olduk\u00e7a \u00f6nemli bir al\u0131\u015fveri\u015f alternatifi sunar. Almanya&#8217;n\u0131n bir\u00e7ok b\u00f6lgesinde her hafta d\u00fczenlenen pazarlar, sabah saatlerinde kurulmaya ba\u015flar ve \u00f6\u011fleden sonralar\u0131 kapan\u0131r. Ancak bu saatler, b\u00f6lgeye g\u00f6re farkl\u0131l\u0131k g\u00f6sterebilir. \u00d6zellikle organik \u00fcr\u00fcnler ve yerel \u00fcr\u00fcnler arayanlar i\u00e7in pazarlarda olduk\u00e7a zengin se\u00e7enekler bulunur.<\/p>\n<h3>Pazarlarda Neler Sat\u0131l\u0131r?<\/h3>\n<p>Pazarlar genellikle taze meyve, sebze, et ve s\u00fct \u00fcr\u00fcnleri gibi g\u00fcnl\u00fck ihtiya\u00e7lar\u0131n yan\u0131 s\u0131ra yerel \u00fcreticilerden gelen di\u011fer g\u0131da maddelerini de i\u00e7erir. Ancak her b\u00f6lgedeki pazar\u0131n \u00fcr\u00fcn \u00e7e\u015fitlili\u011fi farkl\u0131 olabilir. Baz\u0131 pazarlarda, o b\u00f6lgedeki yerel tar\u0131m \u00fcr\u00fcnlerine a\u011f\u0131rl\u0131k verilir. Bu da Almanya\u2019daki pazar al\u0131\u015fveri\u015flerini daha da ilgin\u00e7 k\u0131lar, \u00e7\u00fcnk\u00fc her b\u00f6lgenin kendine \u00f6zg\u00fc taze \u00fcr\u00fcnleri ve geleneksel tatlar\u0131 bulunur.<\/p>\n<h3>Pazarlar\u0131n \u00c7al\u0131\u015fma Saatleri<\/h3>\n<p>Pazarlar genellikle sabah saatlerinde kurulur ve \u00f6\u011fleden \u00f6nce veya \u00f6\u011fleden sonra sonlan\u0131r. Bununla birlikte, bir\u00e7ok pazar ak\u015fam saatlerinde kapan\u0131r, bu y\u00fczden ge\u00e7 saatlere b\u0131rakmak yerine sabah saatlerinde al\u0131\u015fveri\u015f yapmay\u0131 tercih etmeniz faydal\u0131 olacakt\u0131r.<\/p>\n<h2>Almanya&#8217;da Part-time \u00c7al\u0131\u015fma \u0130mkanlar\u0131<\/h2>\n<p>Almanya, i\u015f g\u00fcc\u00fc piyasas\u0131nda esnek saatler ve part-time \u00e7al\u0131\u015fma imkanlar\u0131 sunan bir \u00fclke olarak da bilinir. Bu durum, marketlerde veya pazarlarda \u00e7al\u0131\u015fan ki\u015filer i\u00e7in de ge\u00e7erlidir. \u00d6zellikle \u00f6\u011frenciler ve ek gelir arayanlar i\u00e7in part-time \u00e7al\u0131\u015fma imkanlar\u0131 olduk\u00e7a yayg\u0131nd\u0131r. Bu, Almanya\u2019da al\u0131\u015fveri\u015f yaparken kar\u015f\u0131la\u015ft\u0131\u011f\u0131n\u0131z \u00e7e\u015fitli hizmetlerin daha verimli olmas\u0131n\u0131 sa\u011flar.<\/p>\n<h2>Almanya&#8217;da Al\u0131\u015fveri\u015f Yaparken Nelere Dikkat Etmeli?<\/h2>\n<p>Almanya&#8217;da al\u0131\u015fveri\u015f yapmak, al\u0131\u015f\u0131k oldu\u011funuz al\u0131\u015fveri\u015f rutininizden farkl\u0131 olabilir. Pazar g\u00fcnleri \u00e7o\u011fu i\u015fletme kapal\u0131 oldu\u011fu i\u00e7in, ihtiya\u00e7lar\u0131n\u0131z\u0131 di\u011fer g\u00fcnlere g\u00f6re planlamak \u00f6nemlidir. Ayr\u0131ca, marketlerin \u00e7al\u0131\u015fma saatlerine dikkat etmek ve pazarlarda taze \u00fcr\u00fcnlerin sat\u0131ld\u0131\u011f\u0131 saatlere odaklanmak, al\u0131\u015fveri\u015finizi daha verimli hale getirecektir.<\/p>\n<p>Almanya\u2019daki al\u0131\u015fveri\u015f d\u00fczenine al\u0131\u015ft\u0131k\u00e7a, bu d\u00fczenin sizin i\u00e7in ne kadar rahatlat\u0131c\u0131 olabilece\u011fini g\u00f6receksiniz. \u00dclkedeki pazarlar ve marketler, taze \u00fcr\u00fcnler ve \u00e7e\u015fitli g\u0131da se\u00e7enekleriyle doludur; ancak do\u011fru saatlerde al\u0131\u015fveri\u015f yaparak bu deneyimi en verimli \u015fekilde ya\u015famak m\u00fcmk\u00fcn olacakt\u0131r.<\/p>\n<blockquote class=\"wp-block-quote\"><p><em><a href=\"https:\/\/almanca.com.tr\/blog\/gelmis-gecmis-en-iyi-10-bilim-insani-ve-ozellikleri\/\">Gelmi\u015f Ge\u00e7mi\u015f En \u0130yi 10 Bilim \u0130nsan\u0131 ve \u00d6zellikleri<\/a>!<\/em><\/p><\/blockquote>\n","protected":false},"excerpt":{"rendered":"<p>Almanya\u2019da Market ve Pazar Al\u0131\u015fveri\u015fi: 2025 Y\u0131l\u0131nda Nelere Dikkat Etmeli? Almanya\u2019da ya\u015fam, al\u0131\u015fkanl\u0131klar ve d\u00fczen a\u00e7\u0131s\u0131ndan T\u00fcrkiye\u2019ye k\u0131yasla baz\u0131 farklar g\u00f6steriyor. \u00d6zellikle market al\u0131\u015fveri\u015fi ve pazar gezintileri, al\u0131\u015f\u0131k oldu\u011fumuz saatler ve g\u00fcnler d\u0131\u015f\u0131nda &#8230; <\/p>\n<p class=\"read-more-container\"><a title=\"Almanya Marketler ve \u00c7al\u0131\u015fma Saatleri\" class=\"read-more button\" href=\"https:\/\/almanca.com.tr\/blog\/almanya-marketler-ve-calisma-saatleri\/#more-3286\" aria-label=\"Read more about Almanya Marketler ve \u00c7al\u0131\u015fma Saatleri\">Devam\u0131n\u0131 Oku<\/a><\/p>\n","protected":false},"author":1,"featured_media":3287,"comment_status":"open","ping_status":"open","sticky":false,"template":"","format":"standard","meta":{"footnotes":""},"categories":[1],"tags":[],"class_list":["post-3286","post","type-post","status-publish","format-standard","has-post-thumbnail","hentry","category-genel"],"views":7394,"_links":{"self":[{"href":"https:\/\/almanca.com.tr\/blog\/wp-json\/wp\/v2\/posts\/3286","targetHints":{"allow":["GET"]}}],"collection":[{"href":"https:\/\/almanca.com.tr\/blog\/wp-json\/wp\/v2\/posts"}],"about":[{"href":"https:\/\/almanca.com.tr\/blog\/wp-json\/wp\/v2\/types\/post"}],"author":[{"embeddable":true,"href":"https:\/\/almanca.com.tr\/blog\/wp-json\/wp\/v2\/users\/1"}],"replies":[{"embeddable":true,"href":"https:\/\/almanca.com.tr\/blog\/wp-json\/wp\/v2\/comments?post=3286"}],"version-history":[{"count":0,"href":"https:\/\/almanca.com.tr\/blog\/wp-json\/wp\/v2\/posts\/3286\/revisions"}],"wp:featuredmedia":[{"embeddable":true,"href":"https:\/\/almanca.com.tr\/blog\/wp-json\/wp\/v2\/media\/3287"}],"wp:attachment":[{"href":"https:\/\/almanca.com.tr\/blog\/wp-json\/wp\/v2\/media?parent=3286"}],"wp:term":[{"taxonomy":"category","embeddable":true,"href":"https:\/\/almanca.com.tr\/blog\/wp-json\/wp\/v2\/categories?post=3286"},{"taxonomy":"post_tag","embeddable":true,"href":"https:\/\/almanca.com.tr\/blog\/wp-json\/wp\/v2\/tags?post=3286"}],"curies":[{"name":"wp","href":"https:\/\/api.w.org\/{rel}","templated":true}]}}