{"id":3559,"date":"2025-04-30T19:11:01","date_gmt":"2025-04-30T16:11:01","guid":{"rendered":"https:\/\/almanca.com.tr\/blog\/?p=3559"},"modified":"2025-04-30T19:11:32","modified_gmt":"2025-04-30T16:11:32","slug":"italyanca-kafa-bolumleri","status":"publish","type":"post","link":"https:\/\/almanca.com.tr\/blog\/italyanca-kafa-bolumleri\/","title":{"rendered":"\u0130talyanca Kafa B\u00f6l\u00fcmleri"},"content":{"rendered":"<p><strong>\u0130talyanca Kafa B\u00f6l\u00fcmleri<\/strong>: Her dilin kendine \u00f6zg\u00fc bir g\u00fczelli\u011fi ve ifade zenginli\u011fi vard\u0131r. \u0130talyanca da bu a\u00e7\u0131dan olduk\u00e7a etkileyici bir dildir. Bug\u00fcn, \u0130talyanca&#8217;da bedenimizin \u00f6nemli bir b\u00f6lgesi olan kafa b\u00f6l\u00fcmlerini inceleyece\u011fiz. Bu kelimeler, g\u00fcnl\u00fck ya\u015famda s\u0131k\u00e7a kar\u015f\u0131m\u0131za \u00e7\u0131kan ve ileti\u015fimde \u00f6nemli yer tutan ifadelerdir. \u0130\u015fte \u0130talyanca kafa b\u00f6l\u00fcmleri ve T\u00fcrk\u00e7e anlamlar\u0131yla detayl\u0131 bir rehber:<\/p>\n<p>\u0130talyanca\u2019da kafa kelimesi belirli artikelle <span style=\"color: #008000;\"><strong>la testa<\/strong><\/span> \u015feklinde tan\u0131mlan\u0131r. \u00c7o\u011ful hali ise <strong><span style=\"color: #008000;\">le teste<\/span><\/strong> olarak kullan\u0131l\u0131r.<\/p>\n<h2>\u0130talyanca Kafa B\u00f6l\u00fcmleri ve T\u00fcrk\u00e7e Anlamlar\u0131<\/h2>\n<ul>\n<li>la testa = Kafa<\/li>\n<li>il capello = Sa\u00e7<\/li>\n<li>la fronte = Al\u0131n<\/li>\n<li>il viso \/ la faccia = Y\u00fcz<\/li>\n<li>l\u2019occhio = G\u00f6z<\/li>\n<li>il sopracciglio = Ka\u015f<\/li>\n<li>le ciglia = Kirpikler<\/li>\n<li>la guancia = Yanak<\/li>\n<li>l\u2019orecchio = Kulak<\/li>\n<li>il naso = Burun<\/li>\n<li>la bocca = A\u011f\u0131z<\/li>\n<li>il labbro = Dudak<\/li>\n<li>il dente = Di\u015f<\/li>\n<li>la lingua = Dil<\/li>\n<li>il mento = \u00c7ene<\/li>\n<li>la barba = Sakal<\/li>\n<li>i baffi = B\u0131y\u0131k<\/li>\n<li>la fossetta = Gamze<\/li>\n<li>la tempia = \u015eakak<\/li>\n<li>la pupilla = G\u00f6z bebe\u011fi<\/li>\n<li>la ruga = K\u0131r\u0131\u015f\u0131kl\u0131k<\/li>\n<li>la narice = Burun deli\u011fi<\/li>\n<li>le lentiggini = \u00c7iller<\/li>\n<\/ul>\n<h3>\u0130talyanca Kafa B\u00f6l\u00fcmleri Tekil ve \u00c7o\u011ful Halleri<\/h3>\n<table>\n<thead>\n<tr>\n<th>\u0130talyanca<\/th>\n<th>\u0130talyanca (\u00c7o\u011ful)<\/th>\n<th>T\u00fcrk\u00e7e<\/th>\n<\/tr>\n<\/thead>\n<tbody>\n<tr>\n<td>il capello<\/td>\n<td>i capelli<\/td>\n<td>Sa\u00e7<\/td>\n<\/tr>\n<tr>\n<td>la fronte<\/td>\n<td>le fronti<\/td>\n<td>Al\u0131n<\/td>\n<\/tr>\n<tr>\n<td>la barba<\/td>\n<td>le barbe<\/td>\n<td>Sakal<\/td>\n<\/tr>\n<tr>\n<td>l\u2019occhio<\/td>\n<td>gli occhi<\/td>\n<td>G\u00f6z<\/td>\n<\/tr>\n<tr>\n<td>il sopracciglio<\/td>\n<td>le sopracciglia<\/td>\n<td>Ka\u015f<\/td>\n<\/tr>\n<tr>\n<td>il naso<\/td>\n<td>i nasi<\/td>\n<td>Burun<\/td>\n<\/tr>\n<tr>\n<td>la bocca<\/td>\n<td>le bocche<\/td>\n<td>A\u011f\u0131z<\/td>\n<\/tr>\n<tr>\n<td>il labbro<\/td>\n<td>le labbra<\/td>\n<td>Dudak<\/td>\n<\/tr>\n<tr>\n<td>il dente<\/td>\n<td>i denti<\/td>\n<td>Di\u015f<\/td>\n<\/tr>\n<tr>\n<td>la lingua<\/td>\n<td>le lingue<\/td>\n<td>Dil<\/td>\n<\/tr>\n<tr>\n<td>il mento<\/td>\n<td>i menti<\/td>\n<td>\u00c7ene<\/td>\n<\/tr>\n<tr>\n<td>la fossetta<\/td>\n<td>le fossette<\/td>\n<td>Gamze<\/td>\n<\/tr>\n<tr>\n<td>la tempia<\/td>\n<td>le tempie<\/td>\n<td>\u015eakak<\/td>\n<\/tr>\n<tr>\n<td>la pupilla<\/td>\n<td>le pupille<\/td>\n<td>G\u00f6z bebe\u011fi<\/td>\n<\/tr>\n<tr>\n<td>la narice<\/td>\n<td>le narici<\/td>\n<td>Burun deli\u011fi<\/td>\n<\/tr>\n<tr>\n<td>la guancia<\/td>\n<td>le guance<\/td>\n<td>Yanak<\/td>\n<\/tr>\n<tr>\n<td>la ruga<\/td>\n<td>le rughe<\/td>\n<td>K\u0131r\u0131\u015f\u0131kl\u0131k<\/td>\n<\/tr>\n<tr>\n<td>i baffi<\/td>\n<td>\u2014<\/td>\n<td>B\u0131y\u0131k<\/td>\n<\/tr>\n<tr>\n<td>le lentiggini<\/td>\n<td>\u2014<\/td>\n<td>\u00c7iller<\/td>\n<\/tr>\n<\/tbody>\n<\/table>\n<blockquote class=\"wp-block-quote\"><p><em><br \/>\n<a href=\"https:\/\/almanca.com.tr\/blog\/italyanca-vucut-bolumleri\/\">\u0130talyanca V\u00fccut B\u00f6l\u00fcmleri<\/a> \u2013 Le Parti del Corpo<br \/>\n<\/em><\/p><\/blockquote>\n<p>Konuyla ilgili d\u00fc\u015f\u00fcncelerinizi yorumlar k\u0131sm\u0131nda payla\u015fabilirsiniz. <span style=\"color: #008000;\"><em>\u0130talyanca Kafa B\u00f6l\u00fcmleri ve T\u00fcrk\u00e7e Anlamlar\u0131<\/em><\/span> yaz\u0131m\u0131z\u0131 okudu\u011funuz i\u00e7in te\u015fekk\u00fcr ederiz.<\/p>\n<hr \/>\n","protected":false},"excerpt":{"rendered":"<p>\u0130talyanca Kafa B\u00f6l\u00fcmleri: Her dilin kendine \u00f6zg\u00fc bir g\u00fczelli\u011fi ve ifade zenginli\u011fi vard\u0131r. \u0130talyanca da bu a\u00e7\u0131dan olduk\u00e7a etkileyici bir dildir. Bug\u00fcn, \u0130talyanca&#8217;da bedenimizin \u00f6nemli bir b\u00f6lgesi olan kafa b\u00f6l\u00fcmlerini inceleyece\u011fiz. Bu kelimeler, &#8230; <\/p>\n<p class=\"read-more-container\"><a title=\"\u0130talyanca Kafa B\u00f6l\u00fcmleri\" class=\"read-more button\" href=\"https:\/\/almanca.com.tr\/blog\/italyanca-kafa-bolumleri\/#more-3559\" aria-label=\"Read more about \u0130talyanca Kafa B\u00f6l\u00fcmleri\">Devam\u0131n\u0131 Oku<\/a><\/p>\n","protected":false},"author":1,"featured_media":3560,"comment_status":"open","ping_status":"open","sticky":false,"template":"","format":"standard","meta":{"footnotes":""},"categories":[7],"tags":[],"class_list":["post-3559","post","type-post","status-publish","format-standard","has-post-thumbnail","hentry","category-italyanca-konu-anlatimlari"],"views":593,"_links":{"self":[{"href":"https:\/\/almanca.com.tr\/blog\/wp-json\/wp\/v2\/posts\/3559","targetHints":{"allow":["GET"]}}],"collection":[{"href":"https:\/\/almanca.com.tr\/blog\/wp-json\/wp\/v2\/posts"}],"about":[{"href":"https:\/\/almanca.com.tr\/blog\/wp-json\/wp\/v2\/types\/post"}],"author":[{"embeddable":true,"href":"https:\/\/almanca.com.tr\/blog\/wp-json\/wp\/v2\/users\/1"}],"replies":[{"embeddable":true,"href":"https:\/\/almanca.com.tr\/blog\/wp-json\/wp\/v2\/comments?post=3559"}],"version-history":[{"count":0,"href":"https:\/\/almanca.com.tr\/blog\/wp-json\/wp\/v2\/posts\/3559\/revisions"}],"wp:featuredmedia":[{"embeddable":true,"href":"https:\/\/almanca.com.tr\/blog\/wp-json\/wp\/v2\/media\/3560"}],"wp:attachment":[{"href":"https:\/\/almanca.com.tr\/blog\/wp-json\/wp\/v2\/media?parent=3559"}],"wp:term":[{"taxonomy":"category","embeddable":true,"href":"https:\/\/almanca.com.tr\/blog\/wp-json\/wp\/v2\/categories?post=3559"},{"taxonomy":"post_tag","embeddable":true,"href":"https:\/\/almanca.com.tr\/blog\/wp-json\/wp\/v2\/tags?post=3559"}],"curies":[{"name":"wp","href":"https:\/\/api.w.org\/{rel}","templated":true}]}}