{"id":3631,"date":"2026-02-05T06:44:11","date_gmt":"2026-02-05T03:44:11","guid":{"rendered":"https:\/\/almanca.com.tr\/blog\/?p=3631"},"modified":"2026-02-05T06:46:11","modified_gmt":"2026-02-05T03:46:11","slug":"kurulus-orhan-dizi-muzigi-gelin-ey-asiklar-hu-mevlam-hu-4k-uhd","status":"publish","type":"post","link":"https:\/\/almanca.com.tr\/blog\/kurulus-orhan-dizi-muzigi-gelin-ey-asiklar-hu-mevlam-hu-4k-uhd\/","title":{"rendered":"Kurulu\u015f Orhan Dizi M\u00fczi\u011fi | Gelin Ey A\u015f\u0131klar | Hu Mevlam Hu | 4K UHD"},"content":{"rendered":"<p><strong>Kurulu\u015f Orhan Dizi M\u00fczi\u011fi | Gelin Ey A\u015f\u0131klar | Hu Mevlam Hu | 4K UHD<\/strong><\/p>\n<p>Kurulu\u015f Orhan dizisinin manevi atmosferini yans\u0131tan \u201cGelin Ey \u00c2\u015f\u0131klar \u2013 Hu Mevlam Hu\u201d, tasavvufi s\u00f6zleri ve derin melodisiyle izleyenleri Anadolu\u2019nun ruhuna g\u00f6t\u00fcr\u00fcyor. Yunus Emre\u2019ye atfedilen bu ilahi, dizinin sahneleriyle birle\u015ferek g\u00fc\u00e7l\u00fc ve etkileyici bir anlat\u0131m sunuyor.<\/p>\n<p>4K UHD kalitesinde haz\u0131rlanan bu video; tarih, ilahi ve tasavvuf m\u00fczi\u011fini sevenler i\u00e7in \u00f6zel olarak payla\u015f\u0131lm\u0131\u015ft\u0131r. Maneviyat\u0131, sadeli\u011fi ve derinli\u011fi bir arada hissetmek isteyenler i\u00e7in ka\u00e7\u0131r\u0131lmayacak bir eser.<\/p>\n<p><iframe loading=\"lazy\" title=\"Kurulu\u015f Orhan Dizi M\u00fczi\u011fi  Gelin Ey A\u015f\u0131klar  Hu Mevlam Hu  4K UHD\" width=\"1200\" height=\"675\" src=\"https:\/\/www.youtube.com\/embed\/boB7cjP-Ne8?feature=oembed\" frameborder=\"0\" allow=\"accelerometer; autoplay; clipboard-write; encrypted-media; gyroscope; picture-in-picture; web-share\" referrerpolicy=\"strict-origin-when-cross-origin\" allowfullscreen><\/iframe><\/p>\n<p>Gelin ey \u00e2\u015f\u0131klar gelin, H\u00fb mevl\u00e2m H\u00fb<br \/>\nBu menzil uza\u011fa benzer, H\u00fb mevl\u00e2m H\u00fb<\/p>\n<p>Nazar k\u0131ld\u0131m \u015fu dunyaya, H\u00fb mevl\u00e2m H\u00fb<br \/>\nKurulmu\u015f tuza\u011fa benzer, H\u00fb mevl\u00e2m H\u00fb<\/p>\n<p>Bir pirin ete\u011fin tuttum, H\u00fb mevl\u00e2m H\u00fb<br \/>\nAna beli deyup gittim, H\u00fb mevl\u00e2m H\u00fb<\/p>\n<p>Nice y\u00fczbin g\u00fcnah ettim, H\u00fb mevl\u00e2m H\u00fb<br \/>\nHer biri bir da\u011fa benzer, H\u00fb mevl\u00e2m H\u00fb<\/p>\n<p>G\u00fcnah\u0131m \u00e7ok y\u00fcz\u00fcm kara, H\u00fb mevl\u00e2m H\u00fb<br \/>\nEller y\u00fcz\u00fc a\u011fa benzer, H\u00fb mevl\u00e2m H\u00fb<\/p>\n<p>\u00c7agla Dervi\u015f Yunus \u00e7a\u011fla, H\u00fb mevl\u00e2m H\u00fb<br \/>\nSen \u00f6z\u00fcn\u00fc Hakk&#8217;a ba\u011fla, H\u00fb mevl\u00e2m H\u00fb<\/p>\n","protected":false},"excerpt":{"rendered":"<p>Kurulu\u015f Orhan Dizi M\u00fczi\u011fi | Gelin Ey A\u015f\u0131klar | Hu Mevlam Hu | 4K UHD Kurulu\u015f Orhan dizisinin manevi atmosferini yans\u0131tan \u201cGelin Ey \u00c2\u015f\u0131klar \u2013 Hu Mevlam Hu\u201d, tasavvufi s\u00f6zleri ve derin melodisiyle &#8230; <\/p>\n<p class=\"read-more-container\"><a title=\"Kurulu\u015f Orhan Dizi M\u00fczi\u011fi | Gelin Ey A\u015f\u0131klar | Hu Mevlam Hu | 4K UHD\" class=\"read-more button\" href=\"https:\/\/almanca.com.tr\/blog\/kurulus-orhan-dizi-muzigi-gelin-ey-asiklar-hu-mevlam-hu-4k-uhd\/#more-3631\" aria-label=\"Read more about Kurulu\u015f Orhan Dizi M\u00fczi\u011fi | Gelin Ey A\u015f\u0131klar | Hu Mevlam Hu | 4K UHD\">Devam\u0131n\u0131 Oku<\/a><\/p>\n","protected":false},"author":1,"featured_media":3632,"comment_status":"closed","ping_status":"open","sticky":false,"template":"","format":"standard","meta":{"footnotes":""},"categories":[1],"tags":[],"class_list":["post-3631","post","type-post","status-publish","format-standard","has-post-thumbnail","hentry","category-genel","resize-featured-image"],"views":267,"_links":{"self":[{"href":"https:\/\/almanca.com.tr\/blog\/wp-json\/wp\/v2\/posts\/3631","targetHints":{"allow":["GET"]}}],"collection":[{"href":"https:\/\/almanca.com.tr\/blog\/wp-json\/wp\/v2\/posts"}],"about":[{"href":"https:\/\/almanca.com.tr\/blog\/wp-json\/wp\/v2\/types\/post"}],"author":[{"embeddable":true,"href":"https:\/\/almanca.com.tr\/blog\/wp-json\/wp\/v2\/users\/1"}],"replies":[{"embeddable":true,"href":"https:\/\/almanca.com.tr\/blog\/wp-json\/wp\/v2\/comments?post=3631"}],"version-history":[{"count":2,"href":"https:\/\/almanca.com.tr\/blog\/wp-json\/wp\/v2\/posts\/3631\/revisions"}],"predecessor-version":[{"id":3635,"href":"https:\/\/almanca.com.tr\/blog\/wp-json\/wp\/v2\/posts\/3631\/revisions\/3635"}],"wp:featuredmedia":[{"embeddable":true,"href":"https:\/\/almanca.com.tr\/blog\/wp-json\/wp\/v2\/media\/3632"}],"wp:attachment":[{"href":"https:\/\/almanca.com.tr\/blog\/wp-json\/wp\/v2\/media?parent=3631"}],"wp:term":[{"taxonomy":"category","embeddable":true,"href":"https:\/\/almanca.com.tr\/blog\/wp-json\/wp\/v2\/categories?post=3631"},{"taxonomy":"post_tag","embeddable":true,"href":"https:\/\/almanca.com.tr\/blog\/wp-json\/wp\/v2\/tags?post=3631"}],"curies":[{"name":"wp","href":"https:\/\/api.w.org\/{rel}","templated":true}]}}