{"id":3642,"date":"2026-02-09T02:15:22","date_gmt":"2026-02-08T23:15:22","guid":{"rendered":"https:\/\/almanca.com.tr\/blog\/?p=3642"},"modified":"2026-02-09T02:16:08","modified_gmt":"2026-02-08T23:16:08","slug":"asylum","status":"publish","type":"post","link":"https:\/\/almanca.com.tr\/blog\/asylum\/","title":{"rendered":"Asylum Dizi M\u00fczi\u011fi | G\u00f6\u00e7men Ku\u015f | Figan | 4K &#8211; UHD"},"content":{"rendered":"<p>M\u00fczik bazen bir e\u011flence de\u011fil, insan\u0131n i\u00e7inden ge\u00e7enleri anlatman\u0131n en g\u00fc\u00e7l\u00fc yoludur. Kelimelerin yetmedi\u011fi yerde ses devreye girer; duygular, ya\u015fanm\u0131\u015fl\u0131klar ve suskunluklar bir melodinin i\u00e7inde kendine yer bulur.<\/p>\n<p>Bu t\u00fcr eserlerde \u00f6nemli olan \u015fey sadece m\u00fczik de\u011fil; o m\u00fczi\u011fin insanda b\u0131rakt\u0131\u011f\u0131 izdir. \u00c7\u00fcnk\u00fc baz\u0131 \u015fark\u0131lar hem dinlenir\u00a0 hemde hissedilir. Bazen bir sat\u0131r, bazen bir melodi insan\u0131n kalbine dokunur ve hi\u00e7 beklemedi\u011fi bir anda onu y\u0131llar \u00f6ncesine g\u00f6t\u00fcr\u00fcr.<\/p>\n<p><iframe loading=\"lazy\" title=\"Asylum Dizi M\u00fczi\u011fi | G\u00f6\u00e7men Ku\u015f | Figan |  Enstr\u00fcmans\u0131z\" width=\"1200\" height=\"675\" src=\"https:\/\/www.youtube.com\/embed\/zSH34rnJpmE?feature=oembed\" frameborder=\"0\" allow=\"accelerometer; autoplay; clipboard-write; encrypted-media; gyroscope; picture-in-picture; web-share\" referrerpolicy=\"strict-origin-when-cross-origin\" allowfullscreen><\/iframe><\/p>\n<p>Dur gitme bitmedi daha var s\u00f6zlerim.<br \/>\nBilmem ki sen yokken ben kimi \u00f6zlerim.<br \/>\nYaradan da derin kalbimde izlerin kanad\u0131,<br \/>\nKanad\u0131 k\u0131r\u0131lm\u0131\u015f hayallerim.<\/p>\n<p>C\u0131l\u0131z bir fidand\u0131m hi\u00e7 bahar g\u00f6rmedim.<br \/>\nK\u0131r\u0131ld\u0131 dallar\u0131m, koptu t\u00fcm k\u00f6klerim.<br \/>\nDinmedi f\u0131rt\u0131na bu ka\u00e7\u0131nc\u0131 mevsim,<br \/>\nG\u00fclmeyi beklerken a\u00e7mad\u0131 hi\u00e7 g\u00fcne\u015fim.<\/p>\n<p>G\u00f6\u00e7men bir ku\u015ftum diye vurdular beni.<br \/>\nBir kafese kapat\u0131p yordular beni.<br \/>\nSevdi\u011fim kim varsa hep ay\u0131rd\u0131lar beni.<br \/>\nKanad\u0131m\u0131 kopar\u0131p sald\u0131lar beni.<\/p>\n<p>G\u00f6klerden tutup yere \u00e7arpt\u0131lar beni.<br \/>\n\u00c7\u0131rp\u0131nd\u0131m, \u00e7\u0131rp\u0131nd\u0131m.<br \/>\nKaybettim her \u015feyimi.<\/p>\n","protected":false},"excerpt":{"rendered":"<p>M\u00fczik bazen bir e\u011flence de\u011fil, insan\u0131n i\u00e7inden ge\u00e7enleri anlatman\u0131n en g\u00fc\u00e7l\u00fc yoludur. Kelimelerin yetmedi\u011fi yerde ses devreye girer; duygular, ya\u015fanm\u0131\u015fl\u0131klar ve suskunluklar bir melodinin i\u00e7inde kendine yer bulur. Bu t\u00fcr eserlerde \u00f6nemli olan &#8230; <\/p>\n<p class=\"read-more-container\"><a title=\"Asylum Dizi M\u00fczi\u011fi | G\u00f6\u00e7men Ku\u015f | Figan | 4K &#8211; UHD\" class=\"read-more button\" href=\"https:\/\/almanca.com.tr\/blog\/asylum\/#more-3642\" aria-label=\"Read more about Asylum Dizi M\u00fczi\u011fi | G\u00f6\u00e7men Ku\u015f | Figan | 4K &#8211; UHD\">Devam\u0131n\u0131 Oku<\/a><\/p>\n","protected":false},"author":1,"featured_media":3643,"comment_status":"closed","ping_status":"open","sticky":false,"template":"","format":"standard","meta":{"footnotes":""},"categories":[1],"tags":[],"class_list":["post-3642","post","type-post","status-publish","format-standard","has-post-thumbnail","hentry","category-genel"],"views":351,"_links":{"self":[{"href":"https:\/\/almanca.com.tr\/blog\/wp-json\/wp\/v2\/posts\/3642","targetHints":{"allow":["GET"]}}],"collection":[{"href":"https:\/\/almanca.com.tr\/blog\/wp-json\/wp\/v2\/posts"}],"about":[{"href":"https:\/\/almanca.com.tr\/blog\/wp-json\/wp\/v2\/types\/post"}],"author":[{"embeddable":true,"href":"https:\/\/almanca.com.tr\/blog\/wp-json\/wp\/v2\/users\/1"}],"replies":[{"embeddable":true,"href":"https:\/\/almanca.com.tr\/blog\/wp-json\/wp\/v2\/comments?post=3642"}],"version-history":[{"count":1,"href":"https:\/\/almanca.com.tr\/blog\/wp-json\/wp\/v2\/posts\/3642\/revisions"}],"predecessor-version":[{"id":3645,"href":"https:\/\/almanca.com.tr\/blog\/wp-json\/wp\/v2\/posts\/3642\/revisions\/3645"}],"wp:featuredmedia":[{"embeddable":true,"href":"https:\/\/almanca.com.tr\/blog\/wp-json\/wp\/v2\/media\/3643"}],"wp:attachment":[{"href":"https:\/\/almanca.com.tr\/blog\/wp-json\/wp\/v2\/media?parent=3642"}],"wp:term":[{"taxonomy":"category","embeddable":true,"href":"https:\/\/almanca.com.tr\/blog\/wp-json\/wp\/v2\/categories?post=3642"},{"taxonomy":"post_tag","embeddable":true,"href":"https:\/\/almanca.com.tr\/blog\/wp-json\/wp\/v2\/tags?post=3642"}],"curies":[{"name":"wp","href":"https:\/\/api.w.org\/{rel}","templated":true}]}}