{"id":628,"date":"2023-02-21T15:40:12","date_gmt":"2023-02-21T12:40:12","guid":{"rendered":"https:\/\/almanca.com.tr\/blog\/?p=628"},"modified":"2023-07-16T16:10:44","modified_gmt":"2023-07-16T13:10:44","slug":"ispanyolca-yonler","status":"publish","type":"post","link":"https:\/\/almanca.com.tr\/blog\/ispanyolca-yonler\/","title":{"rendered":"\u0130spanyolca Y\u00f6nler 2023"},"content":{"rendered":"<p><strong>\u0130spanyolca Y\u00f6nler<\/strong>: Bu konuda\u00a0<em>\u0130spanyolca y\u00f6nler nelerdir<\/em>, nas\u0131l yaz\u0131l\u0131r, nas\u0131l telaffuz edilir bunlar\u0131 \u00f6\u011freneceksiniz. Bu d\u00f6k\u00fcman\u0131 dilerseniz pdf format\u0131nda indirebilirsiniz. Ayr\u0131ca konumuz ile alakal\u0131 resimli a\u00e7\u0131klamalar ve sesli telaffuzlar konu i\u00e7erisinde yer almaktad\u0131r. \u0130spanyolca dili, d\u00fcnya genelinde yakla\u015f\u0131k <strong>500<\/strong> milyona yak\u0131n ki\u015fi taraf\u0131ndan konu\u015fulan ve yayg\u0131n olarak kullan\u0131lan bir lisand\u0131r.<\/p>\n<div class=\"pdf-btn\"><a href=\"https:\/\/almanca.com.tr\/blog\/wp-content\/uploads\/2023\/02\/Ispanyolca-Yonler-PDF.pdf\">\u0130spanyolca Y\u00f6nler PDF<\/a><\/div>\n<hr \/>\n<h2><strong>\u0130spanyolca<\/strong> Y\u00f6nler ve T\u00fcr\u00e7e Anlamlar\u0131<\/h2>\n<p>\u0130spanyol dilinde kelime telaffuzu T\u00fcrk\u00e7e\u2019de yaz\u0131ld\u0131\u011f\u0131 gibi okunmad\u0131\u011f\u0131 i\u00e7in kelimeleri okunu\u015fu ile beraber \u00f6\u011frenmeniz gerekiyor. Bildi\u011finiz \u00fczere T\u00fcrk\u00e7e \u2019de oldu\u011fu gibi \u0130spanyolca dilinde de y\u00f6nler ana ve ara y\u00f6nler olarak adland\u0131r\u0131l\u0131r.<\/p>\n<h3><strong>\u0130spanyolca<\/strong> Ana Y\u00f6nler ve T\u00fcrk\u00e7e Anlamlar\u0131<\/h3>\n<ul>\n<li>Kuzey \u21dd Norte<\/li>\n<li>G\u00fcney \u21dd Sur<\/li>\n<li>Do\u011fu \u21dd Este<\/li>\n<li>Bat\u0131 \u21dd Oeste<\/li>\n<\/ul>\n<h3><strong>\u0130spanyolca<\/strong> Ara Y\u00f6nler ve T\u00fcrk\u00e7e Anlamlar\u0131<\/h3>\n<ul>\n<li>Kuzeydo\u011fu \u21dd Nordeste<\/li>\n<li>G\u00fcneydo\u011fu \u21dd Sudeste<\/li>\n<li>Kuzeybat\u0131 \u21dd Noroeste<\/li>\n<li>G\u00fcneybat\u0131 \u21dd Sudoeste<\/li>\n<\/ul>\n<h3><strong>\u0130spanyolca<\/strong> Y\u00f6nler Sesli Telaffuz<\/h3>\n<p>\u0130spanyolca ana ve ara y\u00f6nler nas\u0131l telaffuz edilir \u00f6\u011frenmek i\u00e7in sesli olarak a\u015fa\u011f\u0131daki play butonuna basarak dinleyebilirsiniz.<\/p>\n<table>\n<thead>\n<tr>\n<th>Yaz\u0131l\u0131\u015f\u0131<\/th>\n<th>Okunu\u015fu<\/th>\n<th>Sesli Telaffuz<\/th>\n<\/tr>\n<\/thead>\n<tbody>\n<tr>\n<td>Kuzey \u21dd Norte<\/td>\n<td>Norte<\/td>\n<td><audio class=\"audio\" src=\"https:\/\/almanca.com.tr\/blog\/audio\/ispanyolca-yonler\/kuzey.mp3\" controls=\"controls\" data-mce-fragment=\"1\"><\/audio><\/td>\n<\/tr>\n<tr>\n<td>G\u00fcney \u21dd Sur<\/td>\n<td>Sur<\/td>\n<td><audio class=\"audio\" src=\"https:\/\/almanca.com.tr\/blog\/audio\/ispanyolca-yonler\/guney.mp3\" controls=\"controls\" data-mce-fragment=\"1\"><\/audio><\/td>\n<\/tr>\n<tr>\n<td>Do\u011fu \u21dd Este<\/td>\n<td>Este<\/td>\n<td><audio class=\"audio\" src=\"https:\/\/almanca.com.tr\/blog\/audio\/ispanyolca-yonler\/dogu.mp3\" controls=\"controls\" data-mce-fragment=\"1\"><\/audio><\/td>\n<\/tr>\n<tr>\n<td>Bat\u0131 \u21dd Oeste<\/td>\n<td>Oeste<\/td>\n<td><audio class=\"audio\" src=\"https:\/\/almanca.com.tr\/blog\/audio\/ispanyolca-yonler\/bati.mp3\" controls=\"controls\" data-mce-fragment=\"1\"><\/audio><\/td>\n<\/tr>\n<tr>\n<td>Kuzeydo\u011fu \u21dd Nordeste<\/td>\n<td>Nordeste<\/td>\n<td><audio class=\"audio\" src=\"https:\/\/almanca.com.tr\/blog\/audio\/ispanyolca-yonler\/kuzeydogu.mp3\" controls=\"controls\" data-mce-fragment=\"1\"><\/audio><\/td>\n<\/tr>\n<tr>\n<td>G\u00fcneydo\u011fu \u21dd Sudeste<\/td>\n<td>Sudeste<\/td>\n<td><audio class=\"audio\" src=\"https:\/\/almanca.com.tr\/blog\/audio\/ispanyolca-yonler\/guneydogu.mp3\" controls=\"controls\" data-mce-fragment=\"1\"><\/audio><\/td>\n<\/tr>\n<tr>\n<td>Kuzeybat\u0131 \u21dd Noroeste<\/td>\n<td>Noroeste<\/td>\n<td><audio class=\"audio\" src=\"https:\/\/almanca.com.tr\/blog\/audio\/ispanyolca-yonler\/kuzeybati.mp3\" controls=\"controls\" data-mce-fragment=\"1\"><\/audio><\/td>\n<\/tr>\n<tr>\n<td>G\u00fcneybat\u0131 \u21dd Sudoeste<\/td>\n<td>Sudoeste<\/td>\n<td><audio class=\"audio\" src=\"https:\/\/almanca.com.tr\/blog\/audio\/ispanyolca-yonler\/guneybati.mp3\" controls=\"controls\" data-mce-fragment=\"1\"><\/audio><\/td>\n<\/tr>\n<\/tbody>\n<\/table>\n<h3>\u0130spanyolca \u0130stikamet Y\u00f6nler<\/h3>\n<p>Bir yeri, konumu veya herhangi bir adresi \u0130spanyolca tarif edebilmeniz i\u00e7in a\u015fa\u011f\u0131daki kelimeleri \u00f6\u011frenmeniz gerekiyor.<\/p>\n<p>\u0130spanyol dilinde istikamet y\u00f6nleri T\u00fcrk\u00e7e Anlamlar\u0131 ile beraber \u015fu \u015fekildedir:<\/p>\n<ol>\n<li>Izquierda \u21dd <span style=\"color: #008000;\">Sol<\/span><\/li>\n<li>Derecha \u21dd <span style=\"color: #008000;\">Sa\u011f<\/span><\/li>\n<li>Atr\u00e1s \u21dd <span style=\"color: #008000;\">Arka<\/span><\/li>\n<li>Delante \u21dd <span style=\"color: #008000;\">\u00d6n<\/span><\/li>\n<li>Recto \u21dd <span style=\"color: #008000;\">D\u00fcz<\/span><\/li>\n<li>Abajo \u21dd <span style=\"color: #008000;\">A\u015fa\u011f\u0131<\/span><\/li>\n<li>Arriba \u21dd <span style=\"color: #008000;\">\u00dcst\/Yukar\u0131<\/span><\/li>\n<li>En la parte superior \u21dd <span style=\"color: #008000;\">Yukar\u0131da<\/span><\/li>\n<li>En la parte inferior \u21dd <span style=\"color: #008000;\">Alt\u0131nda<\/span><\/li>\n<li>Lejos \u21dd <span style=\"color: #008000;\">Uzak<\/span><\/li>\n<li>Al lado \u21dd <span style=\"color: #008000;\">Yan\u0131nda<\/span><\/li>\n<li>Aqu\u00ed \u21dd <span style=\"color: #008000;\">Burada<\/span><\/li>\n<li>Entre \u21dd <span style=\"color: #008000;\">Aras\u0131nda<\/span><\/li>\n<li>Alrededor, cerca \u21dd <span style=\"color: #008000;\">Civar, yak\u0131n<\/span><\/li>\n<\/ol>\n<p>&nbsp;<\/p>\n<figure id=\"attachment_631\" aria-describedby=\"caption-attachment-631\" style=\"width: 1910px\" class=\"wp-caption alignnone\"><img loading=\"lazy\" decoding=\"async\" class=\"size-full wp-image-631\" title=\"ispanyolca yonler\" src=\"https:\/\/almanca.com.tr\/blog\/wp-content\/uploads\/2023\/02\/ispanyolca-yonler.jpg\" alt=\"ispanyolca yonler\" width=\"1920\" height=\"1080\" srcset=\"https:\/\/almanca.com.tr\/blog\/wp-content\/uploads\/2023\/02\/ispanyolca-yonler.jpg 1920w, https:\/\/almanca.com.tr\/blog\/wp-content\/uploads\/2023\/02\/ispanyolca-yonler-768x432.jpg 768w, https:\/\/almanca.com.tr\/blog\/wp-content\/uploads\/2023\/02\/ispanyolca-yonler-1536x864.jpg 1536w\" sizes=\"auto, (max-width: 1920px) 100vw, 1920px\" \/><figcaption id=\"caption-attachment-631\" class=\"wp-caption-text\">\u0130spanyolca Y\u00f6nler<\/figcaption><\/figure>\n<h2>\u0130spanyolca Konu\u015fan \u00dclkeler<\/h2>\n<p>D\u00fcnya genelinde \u0130spanyolca konu\u015fan \u00fclkelerin listesi a\u015fa\u011f\u0131daki tabloda n\u00fcfus verileri ile beraber yer almaktad\u0131r:<\/p>\n<table>\n<thead>\n<tr>\n<th>\u00dclke<\/th>\n<th>\u0130spanyolca Konu\u015fan N\u00fcfus<\/th>\n<\/tr>\n<\/thead>\n<tbody>\n<tr>\n<td>Arjantin \u21dd<\/td>\n<td><span style=\"color: #008000;\"><strong>44,1 milyon<\/strong><\/span><\/td>\n<\/tr>\n<tr>\n<td>Bolivya \u21dd<\/td>\n<td><span style=\"color: #008000;\"><strong>11,3 milyon<\/strong><\/span><\/td>\n<\/tr>\n<tr>\n<td>\u015eili \u21dd<\/td>\n<td><span style=\"color: #008000;\"><strong>18,1 milyon<\/strong><\/span><\/td>\n<\/tr>\n<tr>\n<td>Kolombiya \u21dd<\/td>\n<td><span style=\"color: #008000;\"><strong>49,8 milyon<\/strong><\/span><\/td>\n<\/tr>\n<tr>\n<td>Kosta Rika \u21dd<\/td>\n<td><span style=\"color: #008000;\"><strong>4,8 milyon<\/strong><\/span><\/td>\n<\/tr>\n<tr>\n<td>K\u00fcba \u21dd<\/td>\n<td><span style=\"color: #008000;\"><strong>11,3 milyon<\/strong><\/span><\/td>\n<\/tr>\n<tr>\n<td>Dominik Cumhuriyeti \u21dd<\/td>\n<td><strong><span style=\"color: #008000;\">10,8 milyon<\/span><\/strong><\/td>\n<\/tr>\n<tr>\n<td>Ekvador \u21dd<\/td>\n<td><span style=\"color: #008000;\"><strong>17,6 milyon<\/strong><\/span><\/td>\n<\/tr>\n<tr>\n<td>El Salvador \u21dd<\/td>\n<td><span style=\"color: #008000;\"><strong>6,5 milyon<\/strong><\/span><\/td>\n<\/tr>\n<tr>\n<td>Fas \u21dd<\/td>\n<td><span style=\"color: #008000;\"><strong>33,0 milyon<\/strong><\/span><\/td>\n<\/tr>\n<tr>\n<td>Guatemala \u21dd<\/td>\n<td><span style=\"color: #008000;\"><strong>18,1 milyon<\/strong><\/span><\/td>\n<\/tr>\n<tr>\n<td>Honduras<\/td>\n<td><span style=\"color: #008000;\"><strong>9,6 milyon<\/strong><\/span><\/td>\n<\/tr>\n<tr>\n<td>Meksika \u21dd<\/td>\n<td><span style=\"color: #008000;\"><strong>130,2 milyon<\/strong><\/span><\/td>\n<\/tr>\n<tr>\n<td>Nikaragua \u21dd<\/td>\n<td><span style=\"color: #008000;\"><strong>6,5 milyon<\/strong><\/span><\/td>\n<\/tr>\n<tr>\n<td>Panama \u21dd<\/td>\n<td><span style=\"color: #008000;\"><strong>4,3 milyon<\/strong><\/span><\/td>\n<\/tr>\n<tr>\n<td>Paraguay \u21dd<\/td>\n<td><span style=\"color: #008000;\"><strong>7,1 milyon<\/strong><\/span><\/td>\n<\/tr>\n<tr>\n<td>Peru \u21dd<\/td>\n<td><span style=\"color: #008000;\"><strong>32,5 milyon<\/strong><\/span><\/td>\n<\/tr>\n<tr>\n<td><a href=\"https:\/\/www.britannica.com\/place\/Spain\" target=\"_blank\" rel=\"noopener\">\u0130spanya<\/a> \u21dd<\/td>\n<td><span style=\"color: #008000;\"><strong>47,0 milyon<\/strong><\/span><\/td>\n<\/tr>\n<tr>\n<td>Uruguay \u21dd<\/td>\n<td><span style=\"color: #008000;\"><strong>3,5 milyon<\/strong><\/span><\/td>\n<\/tr>\n<tr>\n<td>Venezuela \u21dd<\/td>\n<td><span style=\"color: #008000;\"><strong>28,5 milyon<\/strong><\/span><\/td>\n<\/tr>\n<\/tbody>\n<\/table>\n<p>&nbsp;<\/p>\n","protected":false},"excerpt":{"rendered":"<p>\u0130spanyolca Y\u00f6nler: Bu konuda\u00a0\u0130spanyolca y\u00f6nler nelerdir, nas\u0131l yaz\u0131l\u0131r, nas\u0131l telaffuz edilir bunlar\u0131 \u00f6\u011freneceksiniz. Bu d\u00f6k\u00fcman\u0131 dilerseniz pdf format\u0131nda indirebilirsiniz. Ayr\u0131ca konumuz ile alakal\u0131 resimli a\u00e7\u0131klamalar ve sesli telaffuzlar konu i\u00e7erisinde yer almaktad\u0131r. \u0130spanyolca &#8230; <\/p>\n<p class=\"read-more-container\"><a title=\"\u0130spanyolca Y\u00f6nler 2023\" class=\"read-more button\" href=\"https:\/\/almanca.com.tr\/blog\/ispanyolca-yonler\/#more-628\" aria-label=\"Read more about \u0130spanyolca Y\u00f6nler 2023\">Devam\u0131n\u0131 Oku<\/a><\/p>\n","protected":false},"author":1,"featured_media":631,"comment_status":"open","ping_status":"open","sticky":false,"template":"","format":"standard","meta":{"footnotes":""},"categories":[1],"tags":[],"class_list":["post-628","post","type-post","status-publish","format-standard","has-post-thumbnail","hentry","category-genel"],"views":1473,"_links":{"self":[{"href":"https:\/\/almanca.com.tr\/blog\/wp-json\/wp\/v2\/posts\/628","targetHints":{"allow":["GET"]}}],"collection":[{"href":"https:\/\/almanca.com.tr\/blog\/wp-json\/wp\/v2\/posts"}],"about":[{"href":"https:\/\/almanca.com.tr\/blog\/wp-json\/wp\/v2\/types\/post"}],"author":[{"embeddable":true,"href":"https:\/\/almanca.com.tr\/blog\/wp-json\/wp\/v2\/users\/1"}],"replies":[{"embeddable":true,"href":"https:\/\/almanca.com.tr\/blog\/wp-json\/wp\/v2\/comments?post=628"}],"version-history":[{"count":0,"href":"https:\/\/almanca.com.tr\/blog\/wp-json\/wp\/v2\/posts\/628\/revisions"}],"wp:featuredmedia":[{"embeddable":true,"href":"https:\/\/almanca.com.tr\/blog\/wp-json\/wp\/v2\/media\/631"}],"wp:attachment":[{"href":"https:\/\/almanca.com.tr\/blog\/wp-json\/wp\/v2\/media?parent=628"}],"wp:term":[{"taxonomy":"category","embeddable":true,"href":"https:\/\/almanca.com.tr\/blog\/wp-json\/wp\/v2\/categories?post=628"},{"taxonomy":"post_tag","embeddable":true,"href":"https:\/\/almanca.com.tr\/blog\/wp-json\/wp\/v2\/tags?post=628"}],"curies":[{"name":"wp","href":"https:\/\/api.w.org\/{rel}","templated":true}]}}