{"id":715,"date":"2023-07-08T16:07:30","date_gmt":"2023-07-08T13:07:30","guid":{"rendered":"https:\/\/almanca.com.tr\/blog\/?p=715"},"modified":"2023-07-08T16:07:30","modified_gmt":"2023-07-08T13:07:30","slug":"albert-einstein-kimdir","status":"publish","type":"post","link":"https:\/\/almanca.com.tr\/blog\/albert-einstein-kimdir\/","title":{"rendered":"Matematik ve Fizik Dehas\u0131 Albert Einstein Kimdir? 1879-1955"},"content":{"rendered":"<p>Fizik ya\u015fam\u0131n\u0131n ilk y\u0131llar\u0131nda <strong>Albert Einstein<\/strong>, insanlar\u0131n aptall\u0131\u011f\u0131n\u0131n ve evrenin sonsuz oldu\u011funa inan\u0131yordu. \u00c7al\u0131\u015fmalar\u0131na devam ettik\u00e7e evrenin sonsuzlu\u011fundan \u00e7ok da emin olmamaya ba\u015flad\u0131. G\u00fcn\u00fcm\u00fczde <em>Einstein<\/em>\u2019\u0131n yapm\u0131\u015f oldu\u011fu \u00e7al\u0131\u015fmalar hala bilim d\u00fcnyas\u0131n\u0131 ayd\u0131nlatmaya devam etmektedir. Bulmu\u015f oldu\u011fu denklemler okullarda ayr\u0131nt\u0131l\u0131 bir \u015fekilde \u00f6\u011fretilmektedir. \u00c7\u0131lg\u0131n g\u00fcl\u00fcmsemesi ile ak\u0131llara kaz\u0131nan <strong>Albert Einstein asl\u0131nda kimdir<\/strong> ve d\u00fcnyay\u0131 nas\u0131l de\u011fi\u015ftirmi\u015ftir?<\/p>\n<h2>Albert Einstein Kimdir?<\/h2>\n<p>Babas\u0131 bir elektrokimya fabrikas\u0131 sahibi olan <em>Albert Einstein 14.03.1879 tarihinde Almanya Ulm kasabas\u0131nda d\u00fcnyaya g\u00f6zlerini a\u00e7t\u0131<\/em>. Fabrikat\u00f6r olan babas\u0131 ba\u015far\u0131s\u0131z bir profile sahipti. Annesinin ise t\u00fcm d\u00fcnyas\u0131 m\u00fczikti, yetenekli olan annesi harika bir piyanistti. Einstein\u2019\u0131n en \u00e7ok sevdi\u011fi\u00a0 aktivitelerden birisi ise annesinin \u00e7ald\u0131\u011f\u0131 Beethoven par\u00e7alar\u0131n\u0131 dinlemekten \u00e7ok mutlu olurdu.<\/p>\n<p>Aile Musevi (A\u015fkenaz Yahudileri) k\u00f6kenliydi ama pek dindar de\u011fillerdi. Zengin bir ya\u015fam s\u00fcr\u00fcyorlard\u0131 ve a\u00e7\u0131k g\u00f6r\u00fc\u015fl\u00fcyd\u00fcler. K\u00fclt\u00fcrel etkinlikler daima hayatlar\u0131n\u0131n merkezindeydi.<\/p>\n<p>Albert\u2019in 5 ya\u015f\u0131na ula\u015fm\u0131\u015ft\u0131 buna ra\u011fmen hala konu\u015famamas\u0131 ve i\u00e7ine kapan\u0131k bir \u00e7ocuk olmas\u0131 ailesini endi\u015felendiriyordu. Arkada\u015flar\u0131yla oynam\u0131yordu, \u00e7o\u011fu zaman sessizdi. Ebeveynleri bu durumdan endi\u015felenip onu bir doktora g\u00f6stermeye karar verdiler. Sonradan ya\u015f\u0131tlar\u0131yla benzer seviyede konu\u015fmaya ba\u015flam\u0131\u015ft\u0131. 5 ya\u015f\u0131ndayken babas\u0131n\u0131n hediye etti\u011fi <strong>manyetik pusula<\/strong> ve 12 ya\u015f\u0131nda \u00f6\u011frenmeye ba\u015flad\u0131\u011f\u0131 <strong>\u00f6klit geometrisi<\/strong> onu t\u00fcm ya\u015fam\u0131n\u0131 de\u011fi\u015ftirecekti.<\/p>\n<h3>Albert Einstein&#8217;in E\u011fitim Hayat\u0131<\/h3>\n<p>Albert 5 ya\u015f\u0131ndayken dini \u00f6\u011fretileri almak amac\u0131yla evlerinin hemen yak\u0131n\u0131nda bulunan Katolik Kilise \u0130lkolulu&#8217;na g\u00f6nderildi. Okuldaki s\u0131k\u0131 disiplin onu rahats\u0131z etse de buna ra\u011fmen s\u0131n\u0131f\u0131nda birincili\u011fi elde etmeyi ba\u015far\u0131yordu.<\/p>\n<p>Albert hen\u00fcz 6 ya\u015f\u0131ndayken 1885 y\u0131l\u0131nda keman dersleri almaya ba\u015flad\u0131 ve 14 ya\u015f\u0131na kadar bu e\u011fitimi devam etti. (1888) 9 ya\u015flar\u0131nda iken Katolik Okulu&#8217;ndan ayr\u0131l\u0131p Luitpold Gymnasium&#8217;da e\u011fitim hayat\u0131na devam etti. Einstein&#8217;in en sevdi\u011fi ders olan matematik de mant\u0131\u011f\u0131 \u00f6zellikle benimsiyor ve en y\u00fcksek notlar\u0131 almay\u0131 ba\u015far\u0131yordu. Ayn\u0131 zamanda m\u00fcfredatta bulunan Latince,Co\u011frafya ve Edebiyat gibi derslerde de olduk\u00e7a ba\u015far\u0131l bir \u00f6\u011freni profili \u00e7iziyordu.<\/p>\n<p>Yahudisel bir gelenek olarak yoksul bir \u00f6\u011frenciyi d\u00fczenli olarak evlerinde yeme\u011fe \u00e7a\u011f\u0131r\u0131yorlard\u0131. Max Talmund ad\u0131ndaki fakir \u00fcniversite \u00f6\u011frencisi Einstein\u2019\u0131 ya\u015f\u0131t\u0131 gibi g\u00f6r\u00fcp kendisiyle s\u00fcrekli <strong>matematik, bilim ve felsefe<\/strong> \u00fczerine sohbetler ediyordu. Ona bilim kitaplar\u0131 getiriyordu.<\/p>\n<p>Albert 11 ya\u015f\u0131ndayken din dersleri almaya ba\u015flam\u0131\u015ft\u0131. Ailesinin laik yap\u0131s\u0131na kar\u015f\u0131 Albert dinin emretti\u011fi g\u00f6revleri yerine getirmek ve ailesine \u00f6rnek bir \u00e7ocok olma hayali kuruyordu. Albert ilahiler s\u00f6yl\u00fcyordu, Yahudiler i\u00e7in kutsal olarak kabul g\u00f6ren say\u0131lan (dinlenme g\u00fcn\u00fc) Cumartesi g\u00fcnleri dinleniyordu. Ancak okumay\u0131 ve ara\u015ft\u0131rmay\u0131 seven Albert&#8217;in, okudu\u011fu bilim kitaplar\u0131 neticesinde bu \u015fevki uzun s\u00fcrmedi. Her \u015feyi sorgulamaya ve \u015f\u00fcpheci yakla\u015fmaya ba\u015flam\u0131\u015ft\u0131.<\/p>\n<p>Albert&#8217;in ne kadar zeki ve dahi olaca\u011f\u0131 daha gen\u00e7 ya\u015f\u0131nda kendini g\u00f6stermeye ba\u015flam\u0131\u015ft\u0131. M\u00fchendis amcas\u0131 Jacob Einstein&#8217;in kendisine verdi\u011fi Cebir ve problemler kitab\u0131 ile zor ve karma\u015f\u0131k sorular\u0131n bile \u00fcstesinden kolayl\u0131kla geliyordu.<\/p>\n<p><strong><span style=\"color: #339966;\">16 ya\u015f\u0131na geldi\u011finde bizler i\u00e7in i\u00e7inden \u00e7\u0131k\u0131lmas\u0131 zor bir konu olan \u0130ntegral ve Analitik Geometri&#8217;yi kendi kendine \u00f6\u011frenmeyi ba\u015farm\u0131\u015ft\u0131.<\/span><\/strong><\/p>\n<p>1894 y\u0131l\u0131nda Albert&#8217;in babas\u0131 Hermann Einstein i\u015fini b\u00fcy\u00fck bir s\u00f6zle\u015fmede kaybettikten sonra \u0130talya&#8217;n\u0131n Milano \u015fehrine ta\u015f\u0131nma karar\u0131 ald\u0131. Ancak Albert M\u00fcnih&#8217;te yat\u0131l\u0131 olarak kalmaya devam edecekti. Ailesinden ayr\u0131 kalmak psikolojik sorunlar\u0131 da beraberinde getirmi\u015fti. Buna daha fazla dayanamayan Albert Luitpold Gymnasium&#8217;daki e\u011fitimini sonland\u0131rm\u0131\u015f ve ailesinin yan\u0131na, Milano&#8217;ya gitmi\u015fti.<\/p>\n<p><span style=\"color: #339966;\"><strong>Einstein&#8217;in ilk bilimsel \u00e7al\u0131\u015fmas\u0131: &#8216;Manyetik Alanlarda Eter Durumunun Ara\u015ft\u0131r\u0131lmas\u0131&#8217;<\/strong><\/span><\/p>\n<p>Ailesi ile birlikte \u0130talya&#8217;da ya\u015famaya devam ederken 1895&#8217;in Ekim ay\u0131nda \u0130svi\u00e7re&#8217;deki Z\u00fcrih Politeknik \u00dcniversitesi kabul s\u0131nav\u0131na girdi. Bu s\u0131nava girebilmek i\u00e7in aranan 18 ya\u015f \u015fart\u0131 vard\u0131 ama kural Albert Einstein i\u00e7in esnetilmi\u015fti. Fizik ve matematik d\u0131\u015f\u0131ndaki derslerde ba\u015far\u0131s\u0131z bir profil \u00e7izen Einstein Aarau b\u00f6lgesindeki bir \u0130svi\u00e7re lisesine kayd\u0131n\u0131 yapt\u0131rd\u0131. Bu okulda ba\u011f\u0131ms\u0131z d\u00fc\u015f\u00fcnme temelli e\u011fitimler veriliyordu. Sonras\u0131nda ise <strong>Z\u00fcrih Politeknik Enstit\u00fcs\u00fc \u00dcniversitesi fizik<\/strong> b\u00f6l\u00fcm\u00fcnden mezun oldu. Hayali \u00fcniversitede kal\u0131p ara\u015ft\u0131rma yapabilmekti lakin \u00f6\u011frencili\u011fi zaman\u0131nda profes\u00f6rler ile s\u00fcrekli tart\u0131\u015fmas\u0131 pek ho\u015f kar\u015f\u0131lanan bir durum de\u011fildi.<\/p>\n<p>Ders notu tutmayan Einstein, hayat boyu arkada\u015f\u0131 kalacak olan Marcel Grossman\u2019in titizlikle tuttu\u011fu ders notlar\u0131 sayesinde s\u0131navlar\u0131 ba\u015far\u0131l\u0131 bir \u015fekilde ge\u00e7ebilmi\u015fti.Kaynak<\/p>\n<p>\u00dcniversite asistanl\u0131\u011f\u0131 bir yana dursun orta okulda \u00f6\u011fretmenlik g\u00f6revi yapmak i\u00e7in bile i\u015f bulamad\u0131. Bir okul arkada\u015f\u0131 Bern Patent Ofisi\u2019nde s\u0131radan bir i\u015fte \u00e7al\u0131\u015fmas\u0131 i\u00e7in yard\u0131mc\u0131 olmu\u015ftu. Ancak as\u0131l hayali olan bilimden asla kopmad\u0131. 1905 y\u0131l\u0131nda Annalen der Physik dergisinde d\u00f6rt ayr\u0131 makale yay\u0131nlad\u0131. Bu \u00e7al\u0131\u015fmalar fizik tarihi i\u00e7in bir d\u00f6n\u00fcm noktas\u0131 niteli\u011findeydi.<\/p>\n<p><strong>1905 y\u0131l\u0131nda Annalen der Physik dergisinde yay\u0131nlanan d\u00f6rt ayr\u0131 makale \u015funlard\u0131r;<\/strong><\/p>\n<ol>\n<li>I\u015f\u0131\u011f\u0131n Olu\u015fumu ve D\u00f6n\u00fc\u015f\u00fcm\u00fc \u00dczerine Bir G\u00f6r\u00fc\u015f \/Fotoelektrik Etki\/<\/li>\n<li>Dura\u011fan Bir S\u0131v\u0131 \u0130\u00e7indeki As\u0131lt\u0131 Par\u00e7ac\u0131klar\u0131n\u0131n Molek\u00fcler Kinetik Kuram\u0131 \u00c7er\u00e7evesindeki Hareketleri \u00dczerine \/Brown Hareketi\/<\/li>\n<li>Hareketli Cisimlerin Elektrodinami\u011fi \/\u00d6zel G\u00f6relilik\/<\/li>\n<li>Bir Cismin Eylemsizli\u011fi Enerji \u0130\u00e7eri\u011fine Ba\u011fl\u0131 m\u0131d\u0131r? \/K\u00fctle Enerji E\u015fitli\u011fi\/<\/li>\n<\/ol>\n<p>Birka\u00e7 y\u0131l sonra 1909 y\u0131l\u0131nda mevcut i\u015finden ayr\u0131larak Z\u00fcrih \u00dcniversitesi&#8217;nde kuramsal bir fizik profes\u00f6r\u00fc oldu.<\/p>\n<h2>Albert Einstein&#8217;in Fizik Alan\u0131nda Devrim Yaratan \u00c7al\u0131\u015fmalar\u0131<\/h2>\n<p>Einstein profes\u00f6r unvan\u0131n\u0131 takvimler 1911 y\u0131l\u0131n\u0131 g\u00f6sterdi\u011finde Prag\u2019daki Karl Ferdinand \u00dcniversitesi\u2019nden ald\u0131. 3 y\u0131l sonra 1914&#8217;te ise Almanya\u2019ya geri d\u00f6nd\u00fc. Berlin Humbolt \u00dcniversite\u2019sinde profes\u00f6r olarak g\u00f6rev yaparken ayn\u0131 zamanda Kaiser Willhelm Fizik Enstit\u00fcs\u00fc\u2019nde de y\u00f6neticiydi. Ayr\u0131ca Alman Fizik Derne\u011fi ba\u015fkanl\u0131\u011f\u0131n\u0131 iki y\u0131l boyunca ba\u015far\u0131yla y\u00fcr\u00fctt\u00fc.<\/p>\n<p>Genel G\u00f6relilik kuram\u0131 ile g\u00fcne\u015f taraf\u0131ndan bir y\u0131ld\u0131z\u0131n \u0131\u015f\u0131\u011f\u0131n\u0131n k\u0131r\u0131labilece\u011fini hesaplad\u0131. Yapt\u0131\u011f\u0131 hesaplamalar ile Arthur Eddington\u2019un g\u00fcne\u015f tutulmas\u0131 g\u00f6zlemi do\u011frulanm\u0131\u015f oldu. Bu, Einstein i\u00e7in yeni bir \u015f\u00f6hretin kap\u0131lar\u0131n\u0131 ard\u0131na kadar a\u00e7t\u0131. \u00c7al\u0131\u015fma uluslararas\u0131 bas\u0131nda da kendine yer bularak yank\u0131 uyand\u0131rmay\u0131 ba\u015fard\u0131. Art\u0131k Albert Einstein <strong>d\u00fcnya \u00e7ap\u0131nda tan\u0131nan bir bilim insan\u0131<\/strong> idi.<\/p>\n<p>1921 y\u0131l\u0131nda <strong>Nobel Fizik \u00d6d\u00fcl\u00fc<\/strong> almaya hak kazand\u0131. G\u00f6relilik Teorisi hakk\u0131nda tart\u0131\u015fmalar s\u00fcr\u00fcyordu. Bu y\u00fczden \u00f6d\u00fcl\u00fc fotoelektrik etkisini a\u00e7\u0131klad\u0131\u011f\u0131 i\u00e7in ald\u0131.<\/p>\n<h2>Albert Einstein&#8217;in Evlilikleri<\/h2>\n<p>Einstein bilim ad\u0131na bir\u00e7ok \u00e7al\u0131\u015fma yapm\u0131\u015f, azmi ve ba\u015far\u0131s\u0131 ile bunu ta\u00e7land\u0131rm\u0131\u015ft\u0131r. Ancak evlilik hayat\u0131nda bu ba\u015far\u0131y\u0131 yakalayamam\u0131\u015f, aksine ba\u015far\u0131ya g\u00f6lge d\u00fc\u015f\u00fcrm\u00fc\u015ft\u00fcr.<\/p>\n<p>\u0130lk hayat arkada\u015f\u0131 <strong>Mileva Maric<\/strong> ile Politeknik Okulu&#8217;nda tan\u0131\u015ft\u0131.1897 ile 1903 y\u0131llar\u0131 aras\u0131nda ba\u015fta sadece fizikten s\u00f6z edilen mektuplar daha sonra a\u015fk mektuplar\u0131 haline geldi. Einstein Mileva&#8217;ya olan sevgisini ailesinin kar\u015f\u0131 \u00e7\u0131kmalar\u0131na kar\u015f\u0131 dile getiriyordu.<\/p>\n<figure id=\"attachment_717\" aria-describedby=\"caption-attachment-717\" style=\"width: 1910px\" class=\"wp-caption alignnone\"><img loading=\"lazy\" decoding=\"async\" class=\"size-full wp-image-717\" title=\"Albert Einstein HD\" src=\"https:\/\/almanca.com.tr\/blog\/wp-content\/uploads\/2023\/07\/Albert-Einstein-HD.jpg\" alt=\"Albert Einstein HD\" width=\"1920\" height=\"1080\" srcset=\"https:\/\/almanca.com.tr\/blog\/wp-content\/uploads\/2023\/07\/Albert-Einstein-HD.jpg 1920w, https:\/\/almanca.com.tr\/blog\/wp-content\/uploads\/2023\/07\/Albert-Einstein-HD-768x432.jpg 768w, https:\/\/almanca.com.tr\/blog\/wp-content\/uploads\/2023\/07\/Albert-Einstein-HD-1536x864.jpg 1536w\" sizes=\"auto, (max-width: 1920px) 100vw, 1920px\" \/><figcaption id=\"caption-attachment-717\" class=\"wp-caption-text\">Albert Einstein HD<\/figcaption><\/figure>\n<p>Einstein Politeknik&#8217;ten mezun olduktan sonra Bern Patent Ofisi&#8217;nde i\u015fe ba\u015flad\u0131. Mileva ise Politeknik&#8217;te kal\u0131p s\u0131navlara haz\u0131rlan\u0131yordu.Bu s\u00fcre\u00e7te Albert Einstein Mileva&#8217;y\u0131 her haftasonu g\u00f6rmeye gidiyordu. Ancak ziyaretlerinin birinde Mileva Einstein&#8217;e hamile oldu\u011funu s\u00f6ylemi\u015fti.<\/p>\n<p>Hamilelik s\u00fcreci Mileva&#8217;y\u0131 haz\u0131rl\u0131ks\u0131z yakalam\u0131\u015ft\u0131. Haz\u0131rland\u0131\u011f\u0131 s\u0131navlarda ba\u015far\u0131s\u0131z oldu ve depresyona girdi. Bu \u015fekilde ailesinin yan\u0131na d\u00f6nen Mileva&#8217;ya bir darbe de babas\u0131ndan gelmi\u015fti.1902&#8217;nin k\u0131\u015f ay\u0131nda d\u00fcnyaya getirdi\u011fi Lieserl ile i\u015fler iyice karma\u015f\u0131k bir h\u00e2le b\u00fcr\u00fcnm\u00fc\u015ft\u00fc.<\/p>\n<p>Einstein&#8217;\u0131n tek k\u0131z\u0131 olan Lieserl&#8217;e ne oldu\u011funu bilinmiyor. Evlatl\u0131k verildi\u011fine dair s\u00f6ylentiler mevcuttur.<\/p>\n<p>Yakla\u015f\u0131k bir y\u0131l sonra <em>6 Ocak 1903&#8217;te Einstein ve Mileva t\u00fcm karma\u015fan\u0131n ard\u0131ndan, Bern&#8217;deki adliyede resmi t\u00f6renle evlendi<\/em>. Einstein patent ofisinde \u00e7al\u0131\u015f\u0131yordu ve memur olarak yeterli maa\u015f al\u0131yordu. Hayat onlar i\u00e7in nispeten iyiydi.<\/p>\n<p>Evliliklerinden bir y\u0131ldan biraz daha uzun bir s\u00fcre sonra Mileva, ilk o\u011fullar\u0131 olan Hans Albert&#8217;i do\u011furdu. Ba\u015flang\u0131\u00e7ta Mileva&#8217;ya bebek konusunda yard\u0131m etmeye \u00e7al\u0131\u015fsa da, genel olarak Einstein iyi bir koca de\u011fildi. \u0130\u015fiyle ilgilendi, Mileva ve o\u011fluna \u00e7ok az ilgi g\u00f6sterdi. 1905&#8217;te &#8220;Mucize Y\u0131l\u0131&#8221; olarak an\u0131lan yarat\u0131c\u0131l\u0131k patlamas\u0131 s\u0131ras\u0131nda durum daha da k\u00f6t\u00fcle\u015fti. \u0130li\u015fkileri zarar g\u00f6rmeye ba\u015flad\u0131.<\/p>\n<p>Einstein i\u015fine daha \u00e7ok \u00f6nem vermeye ba\u015flad\u0131k\u00e7a Mileva depresyona giriyordu. Ancak Einstein bunu \u00e7\u00f6zmeye \u00e7al\u0131\u015f\u0131rken bile Mileva&#8217;y\u0131 pek d\u00fc\u015f\u00fcnm\u00fcyordu. Bu s\u00fcre\u00e7te yani 28 Temmuz 1910&#8217;da Einstein ve Mileva&#8217;n\u0131n ikinci o\u011flu Eduard do\u011fdu. Bir s\u00fcre aralar\u0131nda i\u015fler d\u00fczeldi ama bu uzun s\u00fcrmedi. Mileva Einstein&#8217;in fl\u00f6rt etti\u011fi kad\u0131nlar y\u00fcz\u00fcnden depresyona girmeye devam etti.<\/p>\n<p>1911&#8217;de Einstein ve ailesi, \u00fcniversiteden g\u00fczel bir teklif kabul etti\u011fi i\u00e7in Prag&#8217;a ta\u015f\u0131nd\u0131. Mileva \u015fehirden nefret ediyordu. Bir y\u0131l sonra Einstein, mezun oldu\u011fu okuldan da bir teklifi kabul etti ve 1912&#8217;de Z\u00fcrih&#8217;e geri d\u00f6nd\u00fc. Mileva buna \u00e7ok sevinmi\u015fti ancak sevinci sadece birka\u00e7 y\u0131l s\u00fcrd\u00fc. 1914&#8217;te Einstein, Berlin \u00dcniversitesi&#8217;nden bir teklifi kabul etti ve ailesini oraya ta\u015f\u0131d\u0131.<\/p>\n<p>Mileva, Berlin&#8217;e ta\u015f\u0131nmaktan son derece mutsuzdu. \u00c7\u00fcnk\u00fc Einstein&#8217;\u0131n kuzeni Elsa orada ya\u015f\u0131yordu ve Mileva onu k\u0131skan\u0131yordu. Ayr\u0131ca Almanlar, Mileva gibi S\u0131rp k\u00f6kenli insanlara da tepeden bak\u0131yordu.<\/p>\n<p>Berlin&#8217;e ta\u015f\u0131nmalar\u0131ndan itibaren Einstein Elsa&#8217;y\u0131 s\u0131k s\u0131k g\u00f6rmeye gidiyordu. Bu evliliklerinin sonunu getirecekti nihayetinde 14 \u015eubat 1919&#8217;da bo\u015fanm\u0131\u015flard\u0131. Bo\u015fand\u0131ktan sonra Mileva hayat\u0131n\u0131n b\u00fcy\u00fck bir k\u0131sm\u0131n\u0131 Eduard&#8217;la ilgilenerek ge\u00e7irdi. (1947&#8217;de sa\u011fl\u0131\u011f\u0131 bozulmaya ba\u015flayan Mileva 1948&#8217;de yar\u0131 fel\u00e7 ge\u00e7irdi ve 4 A\u011fustos 1948&#8217;de hayat\u0131n\u0131 kaybetti.)<\/p>\n<h3>Einstein&#8217;in Elsa \u0130le Evlili\u011fi<\/h3>\n<p>Einstein&#8217;in kuzeni Elsa, ilk olarak Max Loewenthal ile evlenmi\u015fti. Ilse ve Margot ad\u0131nda iki k\u0131z\u0131 ve do\u011fumdan k\u0131sa bir s\u00fcre sonra \u00f6len bir o\u011flu vard\u0131.<\/p>\n<p>Einstein ve Elsa, k\u00fc\u00e7\u00fckken s\u0131k s\u0131k g\u00f6r\u00fc\u015f\u00fcrlerdi fakat b\u00fcy\u00fcd\u00fck\u00e7e bu ileti\u015fimleri azald\u0131. Einstein, Mileva ile evliyken Berlin&#8217;e yapt\u0131\u011f\u0131 ziyaretlerden birinde kuzeniyle tekrar kar\u015f\u0131la\u015fm\u0131\u015ft\u0131. Bo\u015fanm\u0131\u015f ve iki k\u0131z\u0131yla birlikte ailesinin hemen \u00fczerindeki bir dairede ya\u015f\u0131yordu. Einstein, bu aile ortam\u0131nda Elsa ile rahat hissediyordu. Berlin \u00dcniversitesi&#8217;ne ta\u015f\u0131nd\u0131\u011f\u0131nda, onu s\u0131k s\u0131k g\u00f6rmeye devam etti.<\/p>\n<p>Einstein, Mileva&#8217;dan ayr\u0131ld\u0131ktan sonra s\u0131k s\u0131k Elsa&#8217;y\u0131 g\u00f6rmeye devam etti. Takvimler Eyl\u00fcl 1917&#8217;de g\u00f6sterdi\u011finde Elsa&#8217;n\u0131n yan\u0131na ta\u015f\u0131nd\u0131. Elsa, Einstein&#8217;la a\u00e7\u0131k\u00e7a ilgilendi ve Mileva&#8217;dan bo\u015fanmas\u0131 i\u00e7in \u00fczerindeki bask\u0131y\u0131 s\u00fcrd\u00fcrmeye devam etti.<\/p>\n<p>Bo\u015fanma 1919&#8217;da ger\u00e7ekle\u015ftikten sonra, Einstein Elsa ile evlenmekte \u00f6zg\u00fcr hissetti. Onu en \u00e7ok cezbeden \u015fey yemek yapmadaki h\u00fcneriydi. Ayr\u0131ca, mide problemleri oldu\u011fu zaman kendisine bakt\u0131\u011f\u0131 i\u00e7in ona minnettar hissetti. Bu durum ise 2 Haziran 1919&#8217;da evlili\u011fi beraberinde getirdi.<\/p>\n<p>Einstein 40 ve Elsa 43 ya\u015f\u0131ndayd\u0131. Evlilikleri Elsa&#8217;n\u0131n \u015f\u00f6hret hevesinde oldu\u011funu s\u00f6yleyenlere ra\u011fmen Einstein&#8217;in i\u015flerini kolayla\u015ft\u0131rd\u0131\u011f\u0131 i\u00e7in iyi gidiyordu. Ancak bu durum b\u00f6yle devam etmedi. Mileva ile evlili\u011fi s\u0131ras\u0131nda oldu\u011fu gibi, Einstein&#8217;\u0131n di\u011fer kad\u0131nlarla fl\u00f6rt etmesi nedeniyle sorunlar geli\u015fti. Einstein \u00e7ok \u00fcnl\u00fcyd\u00fc ve d\u00fcnyan\u0131n her yerinden kad\u0131nlarla ileti\u015fim halindeydi.<\/p>\n<p>1935&#8217;te Einstein ve Elsa Amerika Birle\u015fik Devletleri&#8217;ne ta\u015f\u0131nd\u0131ktan sonra, kalp ve b\u00f6brek sorunlar\u0131 olan Elsa hastaland\u0131. Tarih 20 Aral\u0131k 1936&#8217;y\u0131 g\u00f6sterdi\u011finde ise daha da k\u00f6t\u00fcle\u015fen Elsa vefat etti.<\/p>\n<p>&nbsp;<\/p>\n<h2>Nazi Almanyas\u0131 ve Atom Bombas\u0131 \u00c7al\u0131\u015fmalar\u0131<\/h2>\n<p>1933\u2019te Amerikan \u00fcniversitelerini ziyareti s\u0131ras\u0131nda Alman h\u00fck\u00fcmetinin Yahudiler konusundaki karar\u0131n\u0131 \u00f6\u011frendi. Buna g\u00f6re Yahudi as\u0131ll\u0131 ki\u015filer art\u0131k resmi kurumlarda \u00e7al\u0131\u015famayacakt\u0131. \u00c7ok ge\u00e7meden de Naziler kitap yakma kampanyalar\u0131n\u0131 ba\u015flatt\u0131. Yak\u0131lan eserler aras\u0131nda Einstein\u2019\u0131n \u00e7al\u0131\u015fmalar\u0131 da vard\u0131. Bunun \u00fczerine Almanya\u2019ya tekrar d\u00f6nmeme karar\u0131 ald\u0131.<\/p>\n<p>\u0130kinci D\u00fcnya Sava\u015f\u0131\u2019n\u0131n ba\u015flamas\u0131ndan birka\u00e7 ay \u00f6nce, 1939 y\u0131l\u0131nda ABD ba\u015fkan\u0131 Roosevelt\u2019e bir mektup g\u00f6nderdi. G\u00f6nderdi\u011fi mektup asl\u0131nda bir uyar\u0131 niteli\u011findeydi. Nazi Almanlar\u0131n <strong>atom bombas\u0131 \u00e7al\u0131\u015fmalar\u0131<\/strong> yapt\u0131\u011f\u0131n\u0131 vurguluyordu. Ayr\u0131ca Amerikan h\u00fck\u00fcmetine zincir reaksiyonlar\u0131 ve uranyum ara\u015ft\u0131rmalar\u0131 yapmas\u0131n\u0131 tavsiye etti. Tavsiyeleri dinleyen Amerika sava\u015f s\u0131ras\u0131nda atom bombas\u0131n\u0131 geli\u015ftirilen ilk \u00fclke konumundayd\u0131.<\/p>\n<p>Einstein\u2019\u0131n tavsiyesi bomban\u0131n Almanya\u2019ya at\u0131lmas\u0131 \u00fczerineydi. Ancak Naziler zaten g\u00fc\u00e7 kaybetmeye ba\u015flam\u0131\u015ft\u0131, sava\u015f\u0131 kaybediyorlard\u0131. Dolay\u0131s\u0131yla Amerika bombay\u0131 bu \u00fclkeye atmay\u0131 gereksiz buldu. \u00d6te yandan da bomban\u0131n denenmesi i\u00e7in olduk\u00e7a hevesliydi. 2 A\u011fustos 1945 senesinde atom bombas\u0131 <em>Hiro\u015fima ve Nagazaki<\/em> \u015fehirlerine at\u0131ld\u0131 ve bir <a href=\"https:\/\/almanca.com.tr\/blog\/kategori\/tarih\/\">tarih<\/a> b\u00f6yle de\u011fi\u015fti.<\/p>\n<p>Roosevelt\u2019e atom bombas\u0131 tavsiyesinde bulunmak Einstein\u2019\u0131n hayat\u0131n\u0131n geri kalan\u0131nda en b\u00fcy\u00fck pi\u015fmanl\u0131\u011f\u0131 oldu. <a href=\"https:\/\/tr.wikipedia.org\/wiki\/Albert_Einstein\" target=\"_blank\" rel=\"noopener\">Einstein<\/a> 76 ya\u015f\u0131ndayken ge\u00e7irdi\u011fi ciddi bir i\u00e7 kanama sonras\u0131nda ya\u015fam\u0131n\u0131 18 Nisan 1955&#8217;te yitirdi.<\/p>\n<h2>Sorularla Albert Einstein Kimdir?<\/h2>\n<table class=\"table\" width=\"540\">\n<tbody>\n<tr>\n<th>SORU<\/th>\n<th>CEVAP<\/th>\n<\/tr>\n<tr>\n<td><strong>Albert Einstein hangi bur\u00e7?<\/strong><\/td>\n<td>14 Mart 1879 do\u011fumlu Albert Einstein <strong>Bal\u0131k<\/strong> burcudur.<\/td>\n<\/tr>\n<tr>\n<td><strong>Einstein Yahudi mi?<\/strong><\/td>\n<td>A\u015fkenaz Yahudilerinden olan Albert Einstein&#8217;in ailesinin pek de dindar oldu\u011fu s\u00f6ylenemez.<\/td>\n<\/tr>\n<tr>\n<td><strong>Einstein ka\u00e7 ya\u015f\u0131nda konu\u015fmaya ba\u015flad\u0131? <\/strong><\/td>\n<td><strong> 3-5 <\/strong>ya\u015f\u0131na kadar tam olarak konu\u015famayan Einstein&#8217;\u0131n konu\u015fma gecikmesi, onun entelekt\u00fcel becerisine ve hayranl\u0131k uyand\u0131ran ba\u015far\u0131lar\u0131na engel olmad\u0131. (<strong>Einstein Sendromu-Asperger Sendromu<\/strong>)<\/td>\n<\/tr>\n<tr>\n<td><strong>Albert Einstein IQ&#8217;su ka\u00e7?<\/strong><\/td>\n<td>Albert Einstein hi\u00e7bir IQ testine tabi tutulmam\u0131\u015ft\u0131r. Bundan dolay\u0131 kesin bir puan vermek s\u00f6z konusu de\u011fildir. Ancak reel say\u0131labilecek IQ teslerindeki <strong>120-140<\/strong> (\u00dcst\u00fcn Zeka) de\u011ferinin \u00fczerinde oldu\u011fu s\u00f6ylenebilir.<\/td>\n<\/tr>\n<\/tbody>\n<\/table>\n<h2>Albert Einstein Ailesi<\/h2>\n<ol>\n<li>\u00a0Albert Einstein annesi kim?\u00a0 =\u00a0 Annesi: Pauline Koch 1858-1920<\/li>\n<li>Albert Einstein\u00a0 babas\u0131 kim?\u00a0 =\u00a0 Babas\u0131: Hermann Einstein 1847-1902<\/li>\n<li>Albert Einstein k\u0131z karde\u015fi kim?\u00a0 =\u00a0 K\u0131z karde\u015fi : Maja Einstein 1881-1951<\/li>\n<li>Albert Einstein han\u0131mlar\u0131 = Mileva Maric 1875-1948\u00a0 \/ Elsa Einstein 1876-1936<\/li>\n<li>Albert Einstein \u00e7ocuklar\u0131\u00a0 = Lieserl Einstein 1902-1903 \/\u00a0 Hans Albert 1904-1973 \/\u00a0 Eduard Einstein\u00a0 1910-1965<\/li>\n<\/ol>\n<figure id=\"attachment_718\" aria-describedby=\"caption-attachment-718\" style=\"width: 1910px\" class=\"wp-caption alignnone\"><img loading=\"lazy\" decoding=\"async\" class=\"size-full wp-image-718\" title=\"Albert Einstein Ailesi\" src=\"https:\/\/almanca.com.tr\/blog\/wp-content\/uploads\/2023\/07\/Albert-Einstein-Ailesi.jpg\" alt=\"Albert Einstein Ailesi\" width=\"1920\" height=\"1080\" srcset=\"https:\/\/almanca.com.tr\/blog\/wp-content\/uploads\/2023\/07\/Albert-Einstein-Ailesi.jpg 1920w, https:\/\/almanca.com.tr\/blog\/wp-content\/uploads\/2023\/07\/Albert-Einstein-Ailesi-768x432.jpg 768w, https:\/\/almanca.com.tr\/blog\/wp-content\/uploads\/2023\/07\/Albert-Einstein-Ailesi-1536x864.jpg 1536w\" sizes=\"auto, (max-width: 1920px) 100vw, 1920px\" \/><figcaption id=\"caption-attachment-718\" class=\"wp-caption-text\">Albert Einstein Ailesi<\/figcaption><\/figure>\n<h2>Albert Einstein Eserleri \/ Kitaplar\u0131<\/h2>\n<ol>\n<li>G\u00f6relilik; \u00d6zel ve Genel Kuram: Pop\u00fcler Bir Yorum, 1920.<\/li>\n<li>G\u00f6relilik\u2019in Anlam\u0131, 1921.<\/li>\n<li>Tek Atomlu \u0110deal Gazlar\u0131n Kuantum Kuram\u0131, 1924.<\/li>\n<li>Brown Hareketi Kuram\u0131 \u00dczerine Ara\u015ft\u0131rmalar, 1926.<\/li>\n<li>Siyonizm Hakk\u0131nda, 1930.<\/li>\n<li>Ni\u00e7in Sava\u015f, 1933.<\/li>\n<li>G\u00f6rd\u00fc\u011f\u00fcm Kadar\u0131yla D\u00fcnya, Denemeler, 1934.<\/li>\n<li>Felsefem, 1934.<\/li>\n<li>Fizi\u011fin Evrimi, Leopold Infield ile birlikte, 1938.<\/li>\n<li>Otobiyografik Notlar, Denemeler, 1949.<\/li>\n<li>Denemeler, 1950.<\/li>\n<\/ol>\n<h2>Einstein\u2019\u0131 Anlatan Filmler<\/h2>\n<ul>\n<li>Einstein And Eddington (2008)<\/li>\n<li>A\u015fk ve Zeka (1994)<\/li>\n<li>Young Einstein (1988)<\/li>\n<li>\u00d6nemsizlik (1985)<\/li>\n<\/ul>\n<h3>Einstein And Eddington (2008)<\/h3>\n<p>Einstein ve Eddington aras\u0131ndaki fikir ili\u015fkisini konu alan belgesel-filmdir. Ayr\u0131ca Einstein&#8217;\u0131n Genel G\u00f6relilik Kuram\u0131 filmde yer alan temel konudur.<\/p>\n<h3>A\u015fk ve Zeka (1994)<\/h3>\n<p>1994 yap\u0131m\u0131 olan filmde oto tamircisi olan Edward,Einstein&#8217;\u0131n ye\u011feni Catherine&#8217;e a\u015f\u0131kt\u0131r.Edward Catherine&#8217;i kendisine a\u015f\u0131k etmek i\u00e7in Einstein ile planlar yapar ve kendisini zeki g\u00f6sterir. Komedi t\u00fcr\u00fcndeki filmin y\u00f6netmeni ise Fred Schepisi&#8217;dir.<\/p>\n<h3>Young Einstein (1988)<\/h3>\n<p>1998 y\u0131l\u0131 Avustralya yap\u0131m\u0131 filmdir.Filmde Albert Einstein Tasmanyal\u0131 bir \u00e7ift\u00e7inin o\u011flu olarak g\u00f6sterilmi\u015ftir.Ayn\u0131 zamanda atomu keskiyle b\u00f6lmesi, Rock &amp; Roll &#8216;u icat etmesi ve s\u00f6rf yapmas\u0131 ile Albert Einstein&#8217;in hayat\u0131n\u0131 abart\u0131l\u0131,fantezi-komedi t\u00fcr\u00fcnde sergilemi\u015ftir.<\/p>\n<h3>\u00d6nemsizlik (1985)<\/h3>\n<p>Marilyn Monroe,kocas\u0131 beyzbolcu Joe DiMaggio,Albert Einstein ve senat\u00f6r Joseph McCarthy fig\u00fcrlerinin oldu\u011fu 1985 \u0130ngiltere yap\u0131m\u0131 bir komedi filmidir.<\/p>\n<blockquote class=\"wp-block-quote\"><p><em><br \/>\nKaynak\u00e7a:<\/em><\/p>\n<p><em><br \/>\nhttps:\/\/tr.wikipedia.org\/wiki\/Albert_Einstein<br \/>\nhttps:\/\/evrimagaci.org\/albert-einstein-kimdir-ne-yapmistir-kendi-agzindan-yasam-oykusu-7778<br \/>\nhttps:\/\/bilimfili.com\/einstein-dunyayi-nasil-degistirdi<br \/>\nhttps:\/\/www.dummies.com\/education\/science\/getting-to-know-einsteins-wives\/<br \/>\n<\/em><\/p><\/blockquote>\n<p>Bu yaz\u0131m\u0131zda <strong>Albert Einstein Kimdir?<\/strong> konusunu ele ald\u0131k okudu\u011funuz i\u00e7in te\u015fekk\u00fcr ederiz. Konu hakk\u0131ndaki d\u00fc\u015f\u00fcncelerinizi yorum k\u0131sm\u0131nda dilerseniz payla\u015fabilirsiniz.<\/p>\n<p>&nbsp;<\/p>\n","protected":false},"excerpt":{"rendered":"<p>Fizik ya\u015fam\u0131n\u0131n ilk y\u0131llar\u0131nda Albert Einstein, insanlar\u0131n aptall\u0131\u011f\u0131n\u0131n ve evrenin sonsuz oldu\u011funa inan\u0131yordu. \u00c7al\u0131\u015fmalar\u0131na devam ettik\u00e7e evrenin sonsuzlu\u011fundan \u00e7ok da emin olmamaya ba\u015flad\u0131. G\u00fcn\u00fcm\u00fczde Einstein\u2019\u0131n yapm\u0131\u015f oldu\u011fu \u00e7al\u0131\u015fmalar hala bilim d\u00fcnyas\u0131n\u0131 ayd\u0131nlatmaya devam &#8230; <\/p>\n<p class=\"read-more-container\"><a title=\"Matematik ve Fizik Dehas\u0131 Albert Einstein Kimdir? 1879-1955\" class=\"read-more button\" href=\"https:\/\/almanca.com.tr\/blog\/albert-einstein-kimdir\/#more-715\" aria-label=\"Read more about Matematik ve Fizik Dehas\u0131 Albert Einstein Kimdir? 1879-1955\">Devam\u0131n\u0131 Oku<\/a><\/p>\n","protected":false},"author":1,"featured_media":716,"comment_status":"open","ping_status":"open","sticky":false,"template":"","format":"standard","meta":{"footnotes":""},"categories":[4],"tags":[],"class_list":["post-715","post","type-post","status-publish","format-standard","has-post-thumbnail","hentry","category-tarih"],"views":842,"_links":{"self":[{"href":"https:\/\/almanca.com.tr\/blog\/wp-json\/wp\/v2\/posts\/715","targetHints":{"allow":["GET"]}}],"collection":[{"href":"https:\/\/almanca.com.tr\/blog\/wp-json\/wp\/v2\/posts"}],"about":[{"href":"https:\/\/almanca.com.tr\/blog\/wp-json\/wp\/v2\/types\/post"}],"author":[{"embeddable":true,"href":"https:\/\/almanca.com.tr\/blog\/wp-json\/wp\/v2\/users\/1"}],"replies":[{"embeddable":true,"href":"https:\/\/almanca.com.tr\/blog\/wp-json\/wp\/v2\/comments?post=715"}],"version-history":[{"count":0,"href":"https:\/\/almanca.com.tr\/blog\/wp-json\/wp\/v2\/posts\/715\/revisions"}],"wp:featuredmedia":[{"embeddable":true,"href":"https:\/\/almanca.com.tr\/blog\/wp-json\/wp\/v2\/media\/716"}],"wp:attachment":[{"href":"https:\/\/almanca.com.tr\/blog\/wp-json\/wp\/v2\/media?parent=715"}],"wp:term":[{"taxonomy":"category","embeddable":true,"href":"https:\/\/almanca.com.tr\/blog\/wp-json\/wp\/v2\/categories?post=715"},{"taxonomy":"post_tag","embeddable":true,"href":"https:\/\/almanca.com.tr\/blog\/wp-json\/wp\/v2\/tags?post=715"}],"curies":[{"name":"wp","href":"https:\/\/api.w.org\/{rel}","templated":true}]}}