{"id":800,"date":"2023-07-16T17:12:55","date_gmt":"2023-07-16T14:12:55","guid":{"rendered":"https:\/\/almanca.com.tr\/blog\/?p=800"},"modified":"2023-07-16T17:12:55","modified_gmt":"2023-07-16T14:12:55","slug":"korece-renkler","status":"publish","type":"post","link":"https:\/\/almanca.com.tr\/blog\/korece-renkler\/","title":{"rendered":"Korece Renkler"},"content":{"rendered":"<p><strong>Korece Renkler<\/strong>: Kore dilinin b\u00fcy\u00fcleyici d\u00fcnyas\u0131na ho\u015f geldiniz! Bu konuda renklerin benzersiz d\u00fcnyas\u0131na ad\u0131m at\u0131yoruz. Renkler, \u0131\u015f\u0131\u011f\u0131n g\u00f6z retinas\u0131na farkl\u0131 \u015fekillerde yans\u0131mas\u0131yla olu\u015fan bir alg\u0131d\u0131r. Korece renkleri \u00f6\u011frenmek, keyifli, kolay ve g\u00fczel bir konudur.<\/p>\n<p>Renkler her zaman etraf\u0131m\u0131zdad\u0131r, peki hangilerini Korece s\u00f6yleyebilirsiniz? E\u011fer Kore dilini yeni \u00f6\u011freniyorsan\u0131z, en ba\u015ftan ba\u015flamak sizin i\u00e7in en do\u011fru se\u00e7enek olacakt\u0131r. Korece ana ve ara renkleri \u00f6\u011frenmeye haz\u0131r m\u0131s\u0131n\u0131z? \u00d6yleyse hadi ba\u015flayal\u0131m ve bu renk dolu maceraya birlikte ad\u0131m atal\u0131m!<\/p>\n<h2>Korece Renkler ve T\u00fcrk\u00e7e Anlamlar\u0131<\/h2>\n<p>Renkleri \u00f6\u011frenmeye ba\u015flayal\u0131m. Korece ana ve ara renklerin T\u00fcrk\u00e7e kar\u015f\u0131l\u0131klar\u0131:<\/p>\n<p><span style=\"color: #808080;\">\ud558\uc580\uc0c9<\/span> Hayansaeg = Beyaz<br \/>\n<span style=\"color: #808080;\">\uac80\uc815\uc0c9<\/span> Geomjeongsaeg = Siyah<br \/>\n<span style=\"color: #808080;\">\ud68c\uc0c9<\/span> \u00a0\u00a0\u00a0 Hoesaeg = Gri<br \/>\n<span style=\"color: #808080;\">\ucd08\ub85d\uc0c9<\/span> Chologsaeg = Ye\u015fil<br \/>\n<span style=\"color: #808080;\">\ud30c\ub791\uc0c9<\/span> Palangsaeg = Mavi<br \/>\n<span style=\"color: #808080;\">\ube68\uac04\uc0c9<\/span> Palgansaeg = K\u0131rm\u0131z\u0131<br \/>\n<span style=\"color: #808080;\">\ubd84\ud64d\uc0c9<\/span> Bunhongsaeg = Pembe<br \/>\n<span style=\"color: #808080;\">\uc8fc\ud669\uc0c9<\/span> Juhwangsaeg = Turuncu<br \/>\n<span style=\"color: #808080;\">\ubcf4\ub77c\uc0c9<\/span> Bolasaeg = Mor<br \/>\n<span style=\"color: #808080;\">\ub178\ub791\uc0c9<\/span> Nolangsaeg = Sar\u0131<br \/>\n<span style=\"color: #808080;\">\uac08\uc0c9<\/span> Galsaeg = Kahverengi<br \/>\n<span style=\"color: #808080;\">\ubca0\uc774\uc9c0<\/span> Beiji = Bej<br \/>\n<span style=\"color: #808080;\">\uc8fc\ud669\uc0c9<\/span> Juhwangsaek = Turuncu<br \/>\n<span style=\"color: #808080;\">\uac08\uc0c9<\/span> \u00a0\u00a0 Galsaek = Kahverengi<br \/>\n<span style=\"color: #808080;\">\ubd84\ud64d\uc0c9<\/span> Bunhongsaek = Pembe<br \/>\n<span style=\"color: #808080;\">\uccad\ub85d\uc0c9<\/span> Cheongroksaek = A\u00e7\u0131k ye\u015fil<br \/>\n<span style=\"color: #808080;\">\ub0a8\uc0c9<\/span> \u00a0\u00a0\u00a0 Namsaek = Lacivert<br \/>\n<span style=\"color: #808080;\">\uc9d9\uc740 \ud30c\ub791\uc0c9<\/span> Jiteun paransaek = Koyu mavi<\/p>\n<h3>Korece Renkler ve T\u00fcrk\u00e7e Anlamlar\u0131 Resimli<\/h3>\n<p>Renklerin tarihi, insanl\u0131kla birlikte var olan k\u00fclt\u00fcrlerin, duygular\u0131n ve anlamlar\u0131n ifadesinde \u00f6nemli bir rol oynayan evrensel bir dilin izlerini ta\u015f\u0131r. \u0130lk \u00e7a\u011flardan beri insanlar, do\u011fadaki <a href=\"https:\/\/tr.wikipedia.org\/wiki\/Renkler_listesi\" target=\"_blank\" rel=\"noopener\">renkleri<\/a> ke\u015ffederek onlar\u0131 rit\u00fcellerde, sanatta ve g\u00fcnl\u00fck ya\u015famda kullanm\u0131\u015flard\u0131r.<\/p>\n<div id='gallery-1' class='gallery galleryid-800 gallery-columns-1 gallery-size-full'><figure class='gallery-item'>\n\t\t\t<div class='gallery-icon landscape'>\n\t\t\t\t<a title=\"beyaz\" href=\"https:\/\/almanca.com.tr\/blog\/wp-content\/uploads\/2023\/07\/beyaz-1.jpg\"><img loading=\"lazy\" decoding=\"async\" width=\"512\" height=\"512\" src=\"https:\/\/almanca.com.tr\/blog\/wp-content\/uploads\/2023\/07\/beyaz-1.jpg\" class=\"attachment-full size-full\" alt=\"beyaz\" aria-describedby=\"gallery-1-804\" srcset=\"https:\/\/almanca.com.tr\/blog\/wp-content\/uploads\/2023\/07\/beyaz-1.jpg 512w, https:\/\/almanca.com.tr\/blog\/wp-content\/uploads\/2023\/07\/beyaz-1-50x50.jpg 50w, https:\/\/almanca.com.tr\/blog\/wp-content\/uploads\/2023\/07\/beyaz-1-120x120.jpg 120w\" sizes=\"auto, (max-width: 512px) 100vw, 512px\" \/><\/a>\n\t\t\t<\/div>\n\t\t\t\t<figcaption class='wp-caption-text gallery-caption' id='gallery-1-804'>\n\t\t\t\t\ud558\uc580\uc0c9 Hayansaeg = Beyaz\n\t\t\t\t<\/figcaption><\/figure><figure class='gallery-item'>\n\t\t\t<div class='gallery-icon landscape'>\n\t\t\t\t<a title=\"gri\" href=\"https:\/\/almanca.com.tr\/blog\/wp-content\/uploads\/2023\/07\/gri-1.jpg\"><img loading=\"lazy\" decoding=\"async\" width=\"512\" height=\"512\" src=\"https:\/\/almanca.com.tr\/blog\/wp-content\/uploads\/2023\/07\/gri-1.jpg\" class=\"attachment-full size-full\" alt=\"gri\" aria-describedby=\"gallery-1-805\" srcset=\"https:\/\/almanca.com.tr\/blog\/wp-content\/uploads\/2023\/07\/gri-1.jpg 512w, https:\/\/almanca.com.tr\/blog\/wp-content\/uploads\/2023\/07\/gri-1-50x50.jpg 50w, https:\/\/almanca.com.tr\/blog\/wp-content\/uploads\/2023\/07\/gri-1-120x120.jpg 120w\" sizes=\"auto, (max-width: 512px) 100vw, 512px\" \/><\/a>\n\t\t\t<\/div>\n\t\t\t\t<figcaption class='wp-caption-text gallery-caption' id='gallery-1-805'>\n\t\t\t\t\ud68c\uc0c9 Hoesaeg = Gri\n\t\t\t\t<\/figcaption><\/figure><figure class='gallery-item'>\n\t\t\t<div class='gallery-icon landscape'>\n\t\t\t\t<a title=\"kahverengi\" href=\"https:\/\/almanca.com.tr\/blog\/wp-content\/uploads\/2023\/07\/kahverengi-1.jpg\"><img loading=\"lazy\" decoding=\"async\" width=\"512\" height=\"512\" src=\"https:\/\/almanca.com.tr\/blog\/wp-content\/uploads\/2023\/07\/kahverengi-1.jpg\" class=\"attachment-full size-full\" alt=\"kahverengi\" aria-describedby=\"gallery-1-806\" srcset=\"https:\/\/almanca.com.tr\/blog\/wp-content\/uploads\/2023\/07\/kahverengi-1.jpg 512w, https:\/\/almanca.com.tr\/blog\/wp-content\/uploads\/2023\/07\/kahverengi-1-50x50.jpg 50w, https:\/\/almanca.com.tr\/blog\/wp-content\/uploads\/2023\/07\/kahverengi-1-120x120.jpg 120w\" sizes=\"auto, (max-width: 512px) 100vw, 512px\" \/><\/a>\n\t\t\t<\/div>\n\t\t\t\t<figcaption class='wp-caption-text gallery-caption' id='gallery-1-806'>\n\t\t\t\t\uac08\uc0c9 Galsaeg = Kahverengi\n\t\t\t\t<\/figcaption><\/figure><figure class='gallery-item'>\n\t\t\t<div class='gallery-icon landscape'>\n\t\t\t\t<a title=\"kirmizi\" href=\"https:\/\/almanca.com.tr\/blog\/wp-content\/uploads\/2023\/07\/kirmizi-1.jpg\"><img loading=\"lazy\" decoding=\"async\" width=\"512\" height=\"512\" src=\"https:\/\/almanca.com.tr\/blog\/wp-content\/uploads\/2023\/07\/kirmizi-1.jpg\" class=\"attachment-full size-full\" alt=\"kirmizi\" aria-describedby=\"gallery-1-807\" srcset=\"https:\/\/almanca.com.tr\/blog\/wp-content\/uploads\/2023\/07\/kirmizi-1.jpg 512w, https:\/\/almanca.com.tr\/blog\/wp-content\/uploads\/2023\/07\/kirmizi-1-50x50.jpg 50w, https:\/\/almanca.com.tr\/blog\/wp-content\/uploads\/2023\/07\/kirmizi-1-120x120.jpg 120w\" sizes=\"auto, (max-width: 512px) 100vw, 512px\" \/><\/a>\n\t\t\t<\/div>\n\t\t\t\t<figcaption class='wp-caption-text gallery-caption' id='gallery-1-807'>\n\t\t\t\t\ube68\uac04\uc0c9 Palgansaeg = K\u0131rm\u0131z\u0131\n\t\t\t\t<\/figcaption><\/figure><figure class='gallery-item'>\n\t\t\t<div class='gallery-icon landscape'>\n\t\t\t\t<a title=\"mavi\" href=\"https:\/\/almanca.com.tr\/blog\/wp-content\/uploads\/2023\/07\/mavi-1.jpg\"><img loading=\"lazy\" decoding=\"async\" width=\"512\" height=\"512\" src=\"https:\/\/almanca.com.tr\/blog\/wp-content\/uploads\/2023\/07\/mavi-1.jpg\" class=\"attachment-full size-full\" alt=\"mavi\" aria-describedby=\"gallery-1-808\" srcset=\"https:\/\/almanca.com.tr\/blog\/wp-content\/uploads\/2023\/07\/mavi-1.jpg 512w, https:\/\/almanca.com.tr\/blog\/wp-content\/uploads\/2023\/07\/mavi-1-50x50.jpg 50w, https:\/\/almanca.com.tr\/blog\/wp-content\/uploads\/2023\/07\/mavi-1-120x120.jpg 120w\" sizes=\"auto, (max-width: 512px) 100vw, 512px\" \/><\/a>\n\t\t\t<\/div>\n\t\t\t\t<figcaption class='wp-caption-text gallery-caption' id='gallery-1-808'>\n\t\t\t\t\ud30c\ub791\uc0c9 Palangsaeg = Mavi\n\t\t\t\t<\/figcaption><\/figure><figure class='gallery-item'>\n\t\t\t<div class='gallery-icon landscape'>\n\t\t\t\t<a title=\"mor\" href=\"https:\/\/almanca.com.tr\/blog\/wp-content\/uploads\/2023\/07\/mor-1.jpg\"><img loading=\"lazy\" decoding=\"async\" width=\"512\" height=\"512\" src=\"https:\/\/almanca.com.tr\/blog\/wp-content\/uploads\/2023\/07\/mor-1.jpg\" class=\"attachment-full size-full\" alt=\"mor\" aria-describedby=\"gallery-1-809\" srcset=\"https:\/\/almanca.com.tr\/blog\/wp-content\/uploads\/2023\/07\/mor-1.jpg 512w, https:\/\/almanca.com.tr\/blog\/wp-content\/uploads\/2023\/07\/mor-1-50x50.jpg 50w, https:\/\/almanca.com.tr\/blog\/wp-content\/uploads\/2023\/07\/mor-1-120x120.jpg 120w\" sizes=\"auto, (max-width: 512px) 100vw, 512px\" \/><\/a>\n\t\t\t<\/div>\n\t\t\t\t<figcaption class='wp-caption-text gallery-caption' id='gallery-1-809'>\n\t\t\t\t\ubcf4\ub77c\uc0c9 Bolasaeg = Mor\n\t\t\t\t<\/figcaption><\/figure><figure class='gallery-item'>\n\t\t\t<div class='gallery-icon landscape'>\n\t\t\t\t<a title=\"pembe\" href=\"https:\/\/almanca.com.tr\/blog\/wp-content\/uploads\/2023\/07\/pembe-1.jpg\"><img loading=\"lazy\" decoding=\"async\" width=\"512\" height=\"512\" src=\"https:\/\/almanca.com.tr\/blog\/wp-content\/uploads\/2023\/07\/pembe-1.jpg\" class=\"attachment-full size-full\" alt=\"pembe\" aria-describedby=\"gallery-1-810\" srcset=\"https:\/\/almanca.com.tr\/blog\/wp-content\/uploads\/2023\/07\/pembe-1.jpg 512w, https:\/\/almanca.com.tr\/blog\/wp-content\/uploads\/2023\/07\/pembe-1-50x50.jpg 50w, https:\/\/almanca.com.tr\/blog\/wp-content\/uploads\/2023\/07\/pembe-1-120x120.jpg 120w\" sizes=\"auto, (max-width: 512px) 100vw, 512px\" \/><\/a>\n\t\t\t<\/div>\n\t\t\t\t<figcaption class='wp-caption-text gallery-caption' id='gallery-1-810'>\n\t\t\t\t\ubd84\ud64d\uc0c9 Bunhongsaeg = Pembe\n\t\t\t\t<\/figcaption><\/figure><figure class='gallery-item'>\n\t\t\t<div class='gallery-icon landscape'>\n\t\t\t\t<a title=\"sari\" href=\"https:\/\/almanca.com.tr\/blog\/wp-content\/uploads\/2023\/07\/sari-1.jpg\"><img loading=\"lazy\" decoding=\"async\" width=\"512\" height=\"512\" src=\"https:\/\/almanca.com.tr\/blog\/wp-content\/uploads\/2023\/07\/sari-1.jpg\" class=\"attachment-full size-full\" alt=\"sari\" aria-describedby=\"gallery-1-811\" srcset=\"https:\/\/almanca.com.tr\/blog\/wp-content\/uploads\/2023\/07\/sari-1.jpg 512w, https:\/\/almanca.com.tr\/blog\/wp-content\/uploads\/2023\/07\/sari-1-50x50.jpg 50w, https:\/\/almanca.com.tr\/blog\/wp-content\/uploads\/2023\/07\/sari-1-120x120.jpg 120w\" sizes=\"auto, (max-width: 512px) 100vw, 512px\" \/><\/a>\n\t\t\t<\/div>\n\t\t\t\t<figcaption class='wp-caption-text gallery-caption' id='gallery-1-811'>\n\t\t\t\t\ub178\ub791\uc0c9 Nolangsaeg = Sar\u0131\n\t\t\t\t<\/figcaption><\/figure><figure class='gallery-item'>\n\t\t\t<div class='gallery-icon landscape'>\n\t\t\t\t<a title=\"siyah\" href=\"https:\/\/almanca.com.tr\/blog\/wp-content\/uploads\/2023\/07\/siyah-1.jpg\"><img loading=\"lazy\" decoding=\"async\" width=\"512\" height=\"512\" src=\"https:\/\/almanca.com.tr\/blog\/wp-content\/uploads\/2023\/07\/siyah-1.jpg\" class=\"attachment-full size-full\" alt=\"siyah\" aria-describedby=\"gallery-1-812\" srcset=\"https:\/\/almanca.com.tr\/blog\/wp-content\/uploads\/2023\/07\/siyah-1.jpg 512w, https:\/\/almanca.com.tr\/blog\/wp-content\/uploads\/2023\/07\/siyah-1-50x50.jpg 50w, https:\/\/almanca.com.tr\/blog\/wp-content\/uploads\/2023\/07\/siyah-1-120x120.jpg 120w\" sizes=\"auto, (max-width: 512px) 100vw, 512px\" \/><\/a>\n\t\t\t<\/div>\n\t\t\t\t<figcaption class='wp-caption-text gallery-caption' id='gallery-1-812'>\n\t\t\t\t\uac80\uc815\uc0c9 Geomjeongsaeg = Siyah\n\t\t\t\t<\/figcaption><\/figure><figure class='gallery-item'>\n\t\t\t<div class='gallery-icon landscape'>\n\t\t\t\t<a title=\"turuncu\" href=\"https:\/\/almanca.com.tr\/blog\/wp-content\/uploads\/2023\/07\/turuncu-1.jpg\"><img loading=\"lazy\" decoding=\"async\" width=\"512\" height=\"512\" src=\"https:\/\/almanca.com.tr\/blog\/wp-content\/uploads\/2023\/07\/turuncu-1.jpg\" class=\"attachment-full size-full\" alt=\"turuncu\" aria-describedby=\"gallery-1-813\" srcset=\"https:\/\/almanca.com.tr\/blog\/wp-content\/uploads\/2023\/07\/turuncu-1.jpg 512w, https:\/\/almanca.com.tr\/blog\/wp-content\/uploads\/2023\/07\/turuncu-1-50x50.jpg 50w, https:\/\/almanca.com.tr\/blog\/wp-content\/uploads\/2023\/07\/turuncu-1-120x120.jpg 120w\" sizes=\"auto, (max-width: 512px) 100vw, 512px\" \/><\/a>\n\t\t\t<\/div>\n\t\t\t\t<figcaption class='wp-caption-text gallery-caption' id='gallery-1-813'>\n\t\t\t\t\uc8fc\ud669\uc0c9 Juhwangsaek = Turuncu\n\t\t\t\t<\/figcaption><\/figure><figure class='gallery-item'>\n\t\t\t<div class='gallery-icon landscape'>\n\t\t\t\t<a title=\"yesil\" href=\"https:\/\/almanca.com.tr\/blog\/wp-content\/uploads\/2023\/07\/yesil-1.jpg\"><img loading=\"lazy\" decoding=\"async\" width=\"512\" height=\"512\" src=\"https:\/\/almanca.com.tr\/blog\/wp-content\/uploads\/2023\/07\/yesil-1.jpg\" class=\"attachment-full size-full\" alt=\"yesil\" aria-describedby=\"gallery-1-814\" srcset=\"https:\/\/almanca.com.tr\/blog\/wp-content\/uploads\/2023\/07\/yesil-1.jpg 512w, https:\/\/almanca.com.tr\/blog\/wp-content\/uploads\/2023\/07\/yesil-1-50x50.jpg 50w, https:\/\/almanca.com.tr\/blog\/wp-content\/uploads\/2023\/07\/yesil-1-120x120.jpg 120w\" sizes=\"auto, (max-width: 512px) 100vw, 512px\" \/><\/a>\n\t\t\t<\/div>\n\t\t\t\t<figcaption class='wp-caption-text gallery-caption' id='gallery-1-814'>\n\t\t\t\t\ucd08\ub85d\uc0c9 Chologsaeg = Ye\u015fil\n\t\t\t\t<\/figcaption><\/figure>\n\t\t<\/div>\n\n<blockquote class=\"wp-block-quote\"><p>Di\u011fer Renk Konular\u0131:<br \/>\n<em><br \/>\n<a href=\"https:\/\/almanca.com.tr\/blog\/azerice-renkler\/\">Azerice Renkler<\/a><br \/>\n<a href=\"https:\/\/almanca.com.tr\/italyanca\/italyanca-renkler\/\">\u0130talyanca Renkler<\/a><br \/>\n<a href=\"https:\/\/almanca.com.tr\/almanca-renkler\/\">Almanca Renkler<\/a><br \/>\n<\/em><\/p><\/blockquote>\n","protected":false},"excerpt":{"rendered":"<p>Korece Renkler: Kore dilinin b\u00fcy\u00fcleyici d\u00fcnyas\u0131na ho\u015f geldiniz! Bu konuda renklerin benzersiz d\u00fcnyas\u0131na ad\u0131m at\u0131yoruz. Renkler, \u0131\u015f\u0131\u011f\u0131n g\u00f6z retinas\u0131na farkl\u0131 \u015fekillerde yans\u0131mas\u0131yla olu\u015fan bir alg\u0131d\u0131r. Korece renkleri \u00f6\u011frenmek, keyifli, kolay ve g\u00fczel bir &#8230; <\/p>\n<p class=\"read-more-container\"><a title=\"Korece Renkler\" class=\"read-more button\" href=\"https:\/\/almanca.com.tr\/blog\/korece-renkler\/#more-800\" aria-label=\"Read more about Korece Renkler\">Devam\u0131n\u0131 Oku<\/a><\/p>\n","protected":false},"author":1,"featured_media":802,"comment_status":"open","ping_status":"open","sticky":false,"template":"","format":"standard","meta":{"footnotes":""},"categories":[5],"tags":[],"class_list":["post-800","post","type-post","status-publish","format-standard","has-post-thumbnail","hentry","category-korece","resize-featured-image"],"views":927,"_links":{"self":[{"href":"https:\/\/almanca.com.tr\/blog\/wp-json\/wp\/v2\/posts\/800","targetHints":{"allow":["GET"]}}],"collection":[{"href":"https:\/\/almanca.com.tr\/blog\/wp-json\/wp\/v2\/posts"}],"about":[{"href":"https:\/\/almanca.com.tr\/blog\/wp-json\/wp\/v2\/types\/post"}],"author":[{"embeddable":true,"href":"https:\/\/almanca.com.tr\/blog\/wp-json\/wp\/v2\/users\/1"}],"replies":[{"embeddable":true,"href":"https:\/\/almanca.com.tr\/blog\/wp-json\/wp\/v2\/comments?post=800"}],"version-history":[{"count":0,"href":"https:\/\/almanca.com.tr\/blog\/wp-json\/wp\/v2\/posts\/800\/revisions"}],"wp:featuredmedia":[{"embeddable":true,"href":"https:\/\/almanca.com.tr\/blog\/wp-json\/wp\/v2\/media\/802"}],"wp:attachment":[{"href":"https:\/\/almanca.com.tr\/blog\/wp-json\/wp\/v2\/media?parent=800"}],"wp:term":[{"taxonomy":"category","embeddable":true,"href":"https:\/\/almanca.com.tr\/blog\/wp-json\/wp\/v2\/categories?post=800"},{"taxonomy":"post_tag","embeddable":true,"href":"https:\/\/almanca.com.tr\/blog\/wp-json\/wp\/v2\/tags?post=800"}],"curies":[{"name":"wp","href":"https:\/\/api.w.org\/{rel}","templated":true}]}}